{"id":48868,"date":"2022-12-04T16:21:23","date_gmt":"2022-12-04T22:21:23","guid":{"rendered":"http:\/\/www.zonaroja.com.mx\/?p=48868"},"modified":"2022-12-04T16:21:24","modified_gmt":"2022-12-04T22:21:24","slug":"salomon-jara-opto-por-un-argentino-para-acallar-la-prensa-y-amenazar-a-funcionarios","status":"publish","type":"post","link":"https:\/\/zonaroja.com.mx\/?p=48868","title":{"rendered":"Salom\u00f3n Jara opt\u00f3 por un argentino\u2026 para acallar la prensa y amenazar a funcionarios"},"content":{"rendered":"\n<p>Ismael Garc\u00eda M.\/Zona Roja.<\/p>\n\n\n\n<p>Oaxaca de Ju\u00e1rez, Oax., a 4 de diciembre de 2022.- \u201cTenemos que acostumbrar al orden, nosotros le marcamos el esquema a los secretarios, no es al rev\u00e9s; ac\u00e1 no hay\u2026 el primero que haga grilla, se va, eso que le quede claro a todos, no importa qui\u00e9n sea\u201d.<\/p>\n\n\n\n<p>Esas fueron parte de las palabras de advertencia del asesor Ren\u00e9 Palacios, originario de Buenos Aires, Argentina, quien fue contratado por Salom\u00f3n Jara Cruz desde la campa\u00f1a pol\u00edtica y que ahora tiene bajo su control el \u00e1rea de comunicaci\u00f3n social del gobierno, desde donde amenaza a los funcionarios, impone esquemas y acallar\u00e1 la prensa.&nbsp;<\/p>\n\n\n\n<p>Las cr\u00edticas a trav\u00e9s de diversos medios deton\u00f3 desde ayer que se dio a conocer el audio de quien se ha desempe\u00f1ado como capacitado e instructor del Partido Revolucionario Institucional y hoy dicta l\u00edneas a los allegados al Partido Morena en la administraci\u00f3n estatal.<\/p>\n\n\n\n<p>\u201cYo conozco a los secretarios\u2026 ya saben que hay una l\u00ednea estrat\u00e9gica, m\u00e1s o menos saben c\u00f3mo viene la mano.<\/p>\n\n\n\n<p>\u201cNosotros estamos en condiciones de decirle a los secretarios eso, para que los secretarios sepan que va a haber consecuencias. Comunicaci\u00f3n Social somos nosotros, no vamos a hablar siempre con los medios\u201d, remarc\u00f3, quien se presenta como polit\u00f3logo y consultor en comunicaci\u00f3n.<\/p>\n\n\n\n<p>Su empresa, de nombre ICP Iberoam\u00e9rica, es una consultor\u00eda que ha brindado servicios a clientes mexicanos pol\u00edticos, principalmente del PRI, como el Instituto Reyes Heroles, que incluso le public\u00f3 un libro denominado \u201cLa comunicaci\u00f3n pol\u00edtica del Poder Legislativo tiene l\u00edmites y perspectivas\u201d.<\/p>\n\n\n\n<p>De acuerdo con fuentes hemerogr\u00e1ficos, el entonces gobernador de Campeche y hoy dirigente nacional del PRI, le habr\u00eda pagado en 2020 alrededor de 58.4 millones de pesos por 47 cursos de formaci\u00f3n pol\u00edtica.<\/p>\n\n\n\n<p>En reiteradas ocasiones, Jara Cruz hab\u00eda dicho, sobre todo durante su campa\u00f1a pol\u00edtica, que no habr\u00eda en su gabinete personas ajenas al estado y que optar\u00eda por oaxaque\u00f1os para cubrir las titularidades en secretar\u00edas y direcciones.<\/p>\n\n\n\n<p>No obstante, en el caso del argentino y de otros funcionarios m\u00e1s, contradijo su discurso y hasta el momento no ha dicho nada acerca de Ren\u00e9 Palacios.<\/p>\n\n\n\n<p>&nbsp;Incluso hab\u00eda criticado en diversas ocasiones al entonces gobernador Alejandro Murat por traer del Estado de M\u00e9xico a sus funcionarios.<\/p>\n\n\n\n<p>De acuerdo con fuentes del \u00e1rea, el primer cesado del argentino fue William Bautista, que dur\u00f3 s\u00f3lo dos d\u00edas en Comunicaci\u00f3n Social del gobierno, sin poder operar en esas 48 horas.<\/p>\n","protected":false},"excerpt":{"rendered":"<p>Ismael Garc\u00eda M.\/Zona Roja. Oaxaca de Ju\u00e1rez, Oax., a 4 de diciembre de 2022.- \u201cTenemos&hellip;<\/p>\n","protected":false},"author":2,"featured_media":48869,"comment_status":"closed","ping_status":"open","sticky":false,"template":"","format":"standard","meta":{"_lmt_disableupdate":"","_lmt_disable":"","_jetpack_memberships_contains_paid_content":false,"footnotes":""},"categories":[109,47],"tags":[3335,939],"class_list":["post-48868","post","type-post","status-publish","format-standard","has-post-thumbnail","hentry","category-minuto-a-minuto","category-zona-gris","tag-rene-palacios","tag-salomon-jara-cruz"],"jetpack_featured_media_url":"https:\/\/zonaroja.com.mx\/wp-content\/uploads\/2022\/12\/Asesor-argentino-Rene-Palacios.jpg","jetpack_sharing_enabled":true,"_links":{"self":[{"href":"https:\/\/zonaroja.com.mx\/index.php?rest_route=\/wp\/v2\/posts\/48868","targetHints":{"allow":["GET"]}}],"collection":[{"href":"https:\/\/zonaroja.com.mx\/index.php?rest_route=\/wp\/v2\/posts"}],"about":[{"href":"https:\/\/zonaroja.com.mx\/index.php?rest_route=\/wp\/v2\/types\/post"}],"author":[{"embeddable":true,"href":"https:\/\/zonaroja.com.mx\/index.php?rest_route=\/wp\/v2\/users\/2"}],"replies":[{"embeddable":true,"href":"https:\/\/zonaroja.com.mx\/index.php?rest_route=%2Fwp%2Fv2%2Fcomments&post=48868"}],"version-history":[{"count":1,"href":"https:\/\/zonaroja.com.mx\/index.php?rest_route=\/wp\/v2\/posts\/48868\/revisions"}],"predecessor-version":[{"id":48870,"href":"https:\/\/zonaroja.com.mx\/index.php?rest_route=\/wp\/v2\/posts\/48868\/revisions\/48870"}],"wp:featuredmedia":[{"embeddable":true,"href":"https:\/\/zonaroja.com.mx\/index.php?rest_route=\/wp\/v2\/media\/48869"}],"wp:attachment":[{"href":"https:\/\/zonaroja.com.mx\/index.php?rest_route=%2Fwp%2Fv2%2Fmedia&parent=48868"}],"wp:term":[{"taxonomy":"category","embeddable":true,"href":"https:\/\/zonaroja.com.mx\/index.php?rest_route=%2Fwp%2Fv2%2Fcategories&post=48868"},{"taxonomy":"post_tag","embeddable":true,"href":"https:\/\/zonaroja.com.mx\/index.php?rest_route=%2Fwp%2Fv2%2Ftags&post=48868"}],"curies":[{"name":"wp","href":"https:\/\/api.w.org\/{rel}","templated":true}]}}