{"id":48871,"date":"2022-12-05T09:41:00","date_gmt":"2022-12-05T15:41:00","guid":{"rendered":"http:\/\/www.zonaroja.com.mx\/?p=48871"},"modified":"2022-12-05T15:31:40","modified_gmt":"2022-12-05T21:31:40","slug":"lanza-martha-izquierdo-periodista-y-activista-oaxaquena-su-libro-canta-y-no-llores","status":"publish","type":"post","link":"https:\/\/zonaroja.com.mx\/?p=48871","title":{"rendered":"Lanza Martha Izquierdo, periodista y activista oaxaque\u00f1a, su libro \u201cCanta y no llores\u201d"},"content":{"rendered":"\n<p>Yuridiana Sosa\/Zona Roja.<\/p>\n\n\n\n<p>Oaxaca de Ju\u00e1rez, Oax., 4 de diciembre de 2022.- Martha Izquierdo \u201cdesnuda\u201d su vida, desde el alma hasta la piel, desde su infancia hasta su presente, en su audiolibro \u201cCanta y no llores, mi historia\u201d, en el que da vivo ejemplo de ser feliz pese a las adversidades.<\/p>\n\n\n\n<p>La periodista y activista -oriunda de Veracruz, pero oaxaque\u00f1a de coraz\u00f3n- radicada en Ciudad Ixtepec narra desde su escrito y su voz su vida a trav\u00e9s de un audio de dos horas, 53 minutos, editado por Elvira Liceaga y producido por Audible.<\/p>\n\n\n\n<p>Su voz, su personalidad, es aliento, alegr\u00eda y ejemplo para muchos; pero para otros su presencia, su autenticidad e imagen en redes sociales, como en la vida real, ha sido motivo de burlas y eso tambi\u00e9n lo cuenta.<\/p>\n\n\n\n<p>\u201cCuando le\u00ed este libro, que lo tuve que hacer varias veces, debo confesar que cada vez que le\u00eda terminaba llorando. Fue una infancia llena de abusos, de dolor, de soledad\u201d, refiere Martha en la presentaci\u00f3n \u201cdetr\u00e1s de c\u00e1maras\u201d.<\/p>\n\n\n\n<p>Martha, quien de adulta tambi\u00e9n ha vivido momentos de dolor; desde el duelo de su gran amor hasta una doble lucha contra el c\u00e1ncer.<\/p>\n\n\n\n<p>Sanando con el tiempo viejas heridas por el abandono y violencia de su madre; una violaci\u00f3n sexual y decepciones amorosas.<\/p>\n\n\n\n<p>SABIA DECISI\u00d3N<\/p>\n\n\n\n<p>\u201cDecid\u00ed ser feliz: aprendiendo a no pelear con esos dolores, miedos e inseguridades, sino a convivir con ellos, porque de vez en cuando vuelven. Decid\u00ed seguir adelante cada d\u00eda, vencer una y otra vez a la oscuridad para ser la propia luz de mi vida, una luz de colores\u201d, son las primeras palabras con las que Martha se abre a su audiencia, conocida o desconocida.<\/p>\n\n\n\n<p>Desde hace ocho a\u00f1os, Martha Izquierdo es un referente de lucha, solidaridad y superaci\u00f3n en la regi\u00f3n del Istmo, donde por medio de su propia estaci\u00f3n de radio \u201cBianii Luu Nezaa\u201d ayuda a su comunidad, desde la denuncia a problemas sociales, como ante necesidades en la salud; fue esa misma comunidad la que le devolvi\u00f3 las ganas de vivir tras su diagn\u00f3stico de c\u00e1ncer.<\/p>\n\n\n\n<p>Izquierdo nos cuenta en su libro: \u201cDespu\u00e9s de que anunci\u00e9 en la radio y publiqu\u00e9 en Facebook que me daba por vencida, fue la generosidad de la gente lo que me hizo cambiar de opini\u00f3n. Llegaron a la puerta de mi casa personas sobrevivientes de c\u00e1ncer, personas todav\u00eda enfermas y luchando contra esta maldita enfermedad\u201d.<\/p>\n\n\n\n<p>El c\u00e1ncer dio una gran entereza a Martha. Segu\u00eda aprendiendo de la vida, a vivir. \u201cAprend\u00ed a amarme y a amar de una manera sana a mis semejantes y lo practicaba a trav\u00e9s de mi ayuda a otras personas, algo que nunca abandon\u00e9, incluso durante los largos meses de mi tratamiento\u201d, nos cuenta la mujer.<\/p>\n\n\n\n<p>CANTAR Y NO LLORAR<\/p>\n\n\n\n<p>Martha Izquierdo conquist\u00f3 las redes sociales en la pandemia y ahora cuenta con casi un mill\u00f3n de seguidores en su cuenta de Tik Tok.<\/p>\n\n\n\n<p>Desde ah\u00ed ha transformado pensamientos; ha roto paradigmas; ha sensibilizado y enamorado a extra\u00f1os con su particular y extraordinaria personalidad.<\/p>\n\n\n\n<p>A veces vestida como la Martha de diario, pero sin dejar atr\u00e1s su emotiva frase \u201cEl \u2018outfit\u2019 de hoy es\u2026\u201d en la que agrega un singular mensaje.<\/p>\n\n\n\n<p>Otras, dice, \u201cdisfrazarme de gat\u00fabela, de batichica, bailar o hacer los trends de coreograf\u00edas es una forma del juego. Es importante no obedecer las normas, especialmente cuando se trata de c\u00f3mo vivir tu propia vida\u201d.<\/p>\n\n\n\n<p>Enfocada siempre en transmitir un mensaje, Martha Izquierdo dice:\u201cMe gustar\u00eda que todos pudi\u00e9ramos recuperar esa forma, tan libre y tan amable, de ver la vida. Ser quien me da la gana ser, a pesar de las cr\u00edticas, es una de muchas luchas por mi libertad.<\/p>\n\n\n\n<p>\u201cEs ejercer mi derecho a re\u00edrme y a divertirme. Re\u00edr, bailar, cantar. Mis actos de resistencia para sobrevivir\u201d.<\/p>\n\n\n\n<p>Su audiolibro ya est\u00e1 disponible por Audible en Amazon.&nbsp;<\/p>\n","protected":false},"excerpt":{"rendered":"<p>Yuridiana Sosa\/Zona Roja. Oaxaca de Ju\u00e1rez, Oax., 4 de diciembre de 2022.- Martha Izquierdo \u201cdesnuda\u201d&hellip;<\/p>\n","protected":false},"author":2,"featured_media":48874,"comment_status":"closed","ping_status":"open","sticky":false,"template":"","format":"standard","meta":{"_lmt_disableupdate":"","_lmt_disable":"","_jetpack_memberships_contains_paid_content":false,"footnotes":""},"categories":[109,46],"tags":[1603],"class_list":["post-48871","post","type-post","status-publish","format-standard","has-post-thumbnail","hentry","category-minuto-a-minuto","category-zona-blanca","tag-martha-izquierdo"],"jetpack_featured_media_url":"https:\/\/zonaroja.com.mx\/wp-content\/uploads\/2022\/12\/Martha-Izquierdo-canta-y-no-llores.jpg","jetpack_sharing_enabled":true,"_links":{"self":[{"href":"https:\/\/zonaroja.com.mx\/index.php?rest_route=\/wp\/v2\/posts\/48871","targetHints":{"allow":["GET"]}}],"collection":[{"href":"https:\/\/zonaroja.com.mx\/index.php?rest_route=\/wp\/v2\/posts"}],"about":[{"href":"https:\/\/zonaroja.com.mx\/index.php?rest_route=\/wp\/v2\/types\/post"}],"author":[{"embeddable":true,"href":"https:\/\/zonaroja.com.mx\/index.php?rest_route=\/wp\/v2\/users\/2"}],"replies":[{"embeddable":true,"href":"https:\/\/zonaroja.com.mx\/index.php?rest_route=%2Fwp%2Fv2%2Fcomments&post=48871"}],"version-history":[{"count":2,"href":"https:\/\/zonaroja.com.mx\/index.php?rest_route=\/wp\/v2\/posts\/48871\/revisions"}],"predecessor-version":[{"id":48896,"href":"https:\/\/zonaroja.com.mx\/index.php?rest_route=\/wp\/v2\/posts\/48871\/revisions\/48896"}],"wp:featuredmedia":[{"embeddable":true,"href":"https:\/\/zonaroja.com.mx\/index.php?rest_route=\/wp\/v2\/media\/48874"}],"wp:attachment":[{"href":"https:\/\/zonaroja.com.mx\/index.php?rest_route=%2Fwp%2Fv2%2Fmedia&parent=48871"}],"wp:term":[{"taxonomy":"category","embeddable":true,"href":"https:\/\/zonaroja.com.mx\/index.php?rest_route=%2Fwp%2Fv2%2Fcategories&post=48871"},{"taxonomy":"post_tag","embeddable":true,"href":"https:\/\/zonaroja.com.mx\/index.php?rest_route=%2Fwp%2Fv2%2Ftags&post=48871"}],"curies":[{"name":"wp","href":"https:\/\/api.w.org\/{rel}","templated":true}]}}