{"id":48879,"date":"2022-12-05T06:46:09","date_gmt":"2022-12-05T12:46:09","guid":{"rendered":"http:\/\/www.zonaroja.com.mx\/?p=48879"},"modified":"2022-12-05T10:54:53","modified_gmt":"2022-12-05T16:54:53","slug":"opinion-el-desastroso-inicio-del-gobierno-de-salomon-jara","status":"publish","type":"post","link":"https:\/\/zonaroja.com.mx\/?p=48879","title":{"rendered":"Opini\u00f3n. El desastroso inicio del gobierno de Salom\u00f3n Jara"},"content":{"rendered":"\n<p>Ismael Garc\u00eda M.\/Zona Roja.<\/p>\n\n\n\n<p>Oaxaca de Ju\u00e1rez, Oax., a 5 de diciembre de 2022.- Doce asesinatos, entre ellos dos probables feminicidios y el de una autoridad; confrontaci\u00f3n con el magisterio de la Secci\u00f3n 22; cese de un primer funcionario; marchas y bloqueos por doquier; discurso contradictorio y la pol\u00e9mica por la contrataci\u00f3n de un argentino como asesor en medios de comunicaci\u00f3n.<\/p>\n\n\n\n<p>Ese es el arranque del sexenio de Salom\u00f3n Jara Cruz, que inici\u00f3 el 1 de diciembre, tras relevar al priista Alejandro Murat Hinojosa; adem\u00e1s ha comenzado a llenar de priistas y de cubrir de nepotismo al gabinete.<\/p>\n\n\n\n<p>Ufano, critic\u00f3 durante la campa\u00f1a pol\u00edtica \u2014aunque se cuid\u00f3 de no mencionar directamente el nombre de Alejandro Murat o de Jos\u00e9 Murat\u2014 la corrupci\u00f3n, el dispendio, el saqueo y el arribo de una docena de mexiquenses para gobernar la entidad en el sexenio priista.<\/p>\n\n\n\n<p>Y, en ese contexto, Jara Cruz ofreci\u00f3 honestidad, nada de amiguismos o compadrazgos, pero sobre todo seleccionar a oaxaque\u00f1os para conformar su gabinete, discurso que qued\u00f3 rebasado por la realidad oficial, en menos de una semana.<\/p>\n\n\n\n<p>Evidentemente que al iniciar un gobierno, del nivel que sea, no se van a acabar de la noche a la ma\u00f1ana todos los problemas de una sociedad, mucho menos la inseguridad; sin embargo, en el caso del gobernante actual, ha habido una total falta de estrategia y de pol\u00edtica interna.<\/p>\n\n\n\n<p>L\u00cdO MAGISTERIAL<\/p>\n\n\n\n<p>El 26 de marzo en un restaurante de Los \u00c1ngeles, California, Jara Cruz asisti\u00f3 como candidato a la gubernatura a una reuni\u00f3n con oaxaque\u00f1os radicados en Estados Unidos.<\/p>\n\n\n\n<p>De acuerdo con un video que se difundi\u00f3, ah\u00ed hizo comentarios despectivos sobre el magisterio estatal, a acusarlos de cometer un crimen al ofrecer a la ni\u00f1ez una formaci\u00f3n acad\u00e9mica de las m\u00e1s atrasadas.<\/p>\n\n\n\n<p>Dijo que tienen derecho a defender sus demandas pero tambi\u00e9n est\u00e1n obligados a ofrecer una educaci\u00f3n de calidad, lo cual no suceden, por lo que Oaxaca tiene uno de los m\u00e1s bajos niveles educativos.<\/p>\n\n\n\n<p>\u201cEs un crimen tener a nuestros hijos, a nuestros nietos, a los que vienen atr\u00f3s, con una mala educaci\u00f3n, con una formaci\u00f3n acad\u00e9mica de las m\u00e1s atrasadas\u201d, dijo entonces.<\/p>\n\n\n\n<p>En esas fechas no hubo reproches ni indignaci\u00f3n por parte de la Secci\u00f3n 22, habida cuenta de que Eloy L\u00f3pez Hern\u00e1ndez estaba totalmente ausente de la lucha sindical.<\/p>\n\n\n\n<p>Sin embargo, tras la elecci\u00f3n el 27 de noviembre del nuevo comit\u00e9 ejecutivo seccional, con Yenny Arely P\u00e9rez, resurgi\u00f3 la lucha y se dej\u00f3 a un lado el oficialismo; tras ello hubo una marcha en que surgieron los primeros reclamos.<\/p>\n\n\n\n<p>El 1 de diciembre marcharon, por primera vez de manera masiva despu\u00e9s de muchos a\u00f1os de pasividad, en el marco de la toma de protesta del mandatario, e intensificaron sus reclamos hacia Jara Cruz. <\/p>\n\n\n\n<p>Al d\u00eda siguiente, emitieron un comunicado para exigir al gobernador no designar\u00e1 a Alejandro Tejada por considerarlo un represor de los maestros en el 2006. <\/p>\n\n\n\n<p>Pero Salom\u00f3n Jara los ret\u00f3 e hizo el nombramiento, lo cual no augura nada positivo para la relaci\u00f3n entre ambas partes, sobre todo por la falta de operadores pol\u00edticos que allanen acuerdos.<\/p>\n\n\n\n<p>CONTRADICCIONES<\/p>\n\n\n\n<p>Por otro lado, el gobernante  habl\u00f3 y critic\u00f3 continuamente el que Alejandro Murat gobernara Oaxaca con mexiquenses y se hab\u00eda comprometido a que los integrantes del gabinete ser\u00edan oaxaque\u00f1os.<\/p>\n\n\n\n<p>Pero ocult\u00f3 que desde su campa\u00f1a pol\u00edtica ten\u00eda dos asesores ajenos a la entidad, uno pol\u00edtico, Jos\u00e9 Antonio Rueda M\u00e1rquez, y otro medi\u00e1tico, Ren\u00e9 Gonz\u00e1lez.<\/p>\n\n\n\n<p>Al primero ya formaliz\u00f3 como jefe de gabinete y el segundo ya fue exhibido desde el propio gobierno, hartos de que un argentino amenace a los secretarios con cesarlos si no acatan los \u201clineamientos\u201d que impone en materia de comunicaci\u00f3n.<\/p>\n\n\n\n<p>De hecho, resultado del exceso de poder del argentino fue el primer cese, en la persona de William Bautista, que hace apenas un mes hab\u00eda sido elogiado por Jara Cruz como un fiel colaborador\u2026 aunque p\u00e9simo comunicador.<\/p>\n\n\n\n<p>Contradicciones hay muchas; del dicho al hecho ha habido mucho trecho y est\u00e1n tambi\u00e9n las designaciones de ex funcionarios en sexenios anteriores.<\/p>\n\n\n\n<p>Jara hab\u00eda dicho que no habr\u00eda ni muratistas ni gabinistas ni ulisistas y el primer caso fue el de Netzahualc\u00f3yotl Salvatierra; siguieron el priista y muralista Emilio de Leo y varios m\u00e1s, que han servido a otros sexenios y muchos de los cuales tienen la casaca priista, como el ulisista Jes\u00fas Romero L\u00f3pez.<\/p>\n\n\n\n<p>PLEITO TRIQUI<\/p>\n\n\n\n<p>El 2 de noviembre por la madrugada hubo un desalojo, despu\u00e9s de 12 a\u00f1os, del corredor exterior del Palacio de Gobierno, del que se hab\u00edan apoderado ind\u00edgenas triquis de Copala que hab\u00edan contado con medidas cautelares por parte de la CIDH.<\/p>\n\n\n\n<p>D\u00edas antes se retiraron pac\u00edficamente otras organizaciones como UACOL y \u201cSol Rojo\u201d, con lo cual qued\u00f3 totalmente despejado el z\u00f3calo y el Palacio, adem\u00e1s de una parte de la calle Flores Mag\u00f3n.<\/p>\n\n\n\n<p>Supuestamente hubo acuerdos y, aunque todo fue pac\u00edfico, comenzaron los reclamos por parte de dos grupos, el de Reina Mart\u00ednez y el de Lorena Merino, esta \u00faltima m\u00e1s agresiva con su gente, al grado de retener e intentar ya golpear a dos funcionarios, entre ellos la secretaria de Bienestar.<\/p>\n\n\n\n<p>Las protestas seguir\u00e1n este lunes y no hay, de nuevo, operaci\u00f3n pol\u00edtica y, para colmo, para atizar la animadversi\u00f3n, el gobernador Jara Cruz estuvo este domingo en un acto masivo con el MULT-PUP, en la zona triqui, antag\u00f3nicos de los triquis desalojados.<\/p>\n\n\n\n<p>No hay absolutamente gobernabilidad y pol\u00edtica interna, pues en los primeros cuatro d\u00edas, las movilizaciones y bloqueos han estado al igual que en el sexenio del priista Alejandro Murat.<\/p>\n\n\n\n<p>Bloqueo durante dos d\u00edas de la carretera al Istmo por parte de Santa Mar\u00eda El Tule; bloqueo por dos d\u00edas en San Mateo R\u00edo Hondo; protestas y reclamos por todos d\u00edas y la incapacidad de Jes\u00fas Romero L\u00f3pez es cada vez m\u00e1s notoria.<\/p>\n\n\n\n<p>PRIMAVERA ROJA<\/p>\n\n\n\n<p>Como notoria es la nula estrategia de seguridad que traen dos personas ajenas al estado, como son el secretario de Seguridad, Iv\u00e1n Garc\u00eda, y el jefe de la Polic\u00eda Estatal, Gerardo Robles Lara, marinos recomendados a Karina Bar\u00f3n por parte de Jos\u00e9 Manuel Vera Salinas.<\/p>\n\n\n\n<p>Doce cr\u00edmenes en cuatro d\u00edas, entre ellos un probable feminicidio y una autoridad auxiliar en Mat\u00edas Romero. Ejecuciones al triple, como en el caso de Pochutla, y no se ve a la polic\u00eda actuar m\u00e1s que para cuidar el z\u00f3calo al por mayor como si ah\u00ed se fueran a presentar el crimen organizado.&nbsp;<\/p>\n\n\n\n<p>Claro, en los asesinatos, est\u00e1 la incapacidad tambi\u00e9n de las autoridades municipales, como el caso de Pochutla, Juchit\u00e1n y de Salina Cruz (morenistas, por cierto), por mencionar algunos, que han sido pasivos ante la delincuencia.<\/p>\n\n\n\n<p>Como dijimos al principio, evidentemente que de la noche a la ma\u00f1ana no se acabar\u00e1n los problemas del estado, mucho menos los de la pobreza ancestral.<\/p>\n\n\n\n<p>Pero los primeros cuatro d\u00edas han demostrado que el gobernador morenista inici\u00f3 sin estrategia, sin operadores pol\u00edticos, sin enlaces con el magisterio y con excesivas contradicciones entre su discurso y la realidad.<\/p>\n\n\n\n<p>Evidentemente que los asesores fallan, pues no conocen el estado, como es el caso de Rueda M\u00e1rquez y el argentino Ren\u00e9 Palacios, con otra pifia hoy, al invitar selectivamente a una conferencia de prensa.<\/p>\n\n\n\n<p>Claro que es apenas el inicio y hay que esperar; hay que dar el beneficio de la duda al nuevo gobernador.<\/p>\n\n\n\n<p>Pero si no adapta su discurso de candidato a los hechos como titular del Poder Ejecutivo, pues nada m\u00e1s todo seguir\u00e1 igual, o peor.<\/p>\n","protected":false},"excerpt":{"rendered":"<p>Ismael Garc\u00eda M.\/Zona Roja. Oaxaca de Ju\u00e1rez, Oax., a 5 de diciembre de 2022.- Doce&hellip;<\/p>\n","protected":false},"author":2,"featured_media":41735,"comment_status":"closed","ping_status":"open","sticky":false,"template":"","format":"standard","meta":{"_lmt_disableupdate":"","_lmt_disable":"","_jetpack_memberships_contains_paid_content":false,"footnotes":""},"categories":[456,109,48],"tags":[1353],"class_list":["post-48879","post","type-post","status-publish","format-standard","has-post-thumbnail","hentry","category-columna","category-minuto-a-minuto","category-zona-critica","tag-opinion-zona-critica"],"jetpack_featured_media_url":"https:\/\/zonaroja.com.mx\/wp-content\/uploads\/2022\/05\/Opinion-Ismael-Garcia-M.jpg","jetpack_sharing_enabled":true,"_links":{"self":[{"href":"https:\/\/zonaroja.com.mx\/index.php?rest_route=\/wp\/v2\/posts\/48879","targetHints":{"allow":["GET"]}}],"collection":[{"href":"https:\/\/zonaroja.com.mx\/index.php?rest_route=\/wp\/v2\/posts"}],"about":[{"href":"https:\/\/zonaroja.com.mx\/index.php?rest_route=\/wp\/v2\/types\/post"}],"author":[{"embeddable":true,"href":"https:\/\/zonaroja.com.mx\/index.php?rest_route=\/wp\/v2\/users\/2"}],"replies":[{"embeddable":true,"href":"https:\/\/zonaroja.com.mx\/index.php?rest_route=%2Fwp%2Fv2%2Fcomments&post=48879"}],"version-history":[{"count":2,"href":"https:\/\/zonaroja.com.mx\/index.php?rest_route=\/wp\/v2\/posts\/48879\/revisions"}],"predecessor-version":[{"id":48895,"href":"https:\/\/zonaroja.com.mx\/index.php?rest_route=\/wp\/v2\/posts\/48879\/revisions\/48895"}],"wp:featuredmedia":[{"embeddable":true,"href":"https:\/\/zonaroja.com.mx\/index.php?rest_route=\/wp\/v2\/media\/41735"}],"wp:attachment":[{"href":"https:\/\/zonaroja.com.mx\/index.php?rest_route=%2Fwp%2Fv2%2Fmedia&parent=48879"}],"wp:term":[{"taxonomy":"category","embeddable":true,"href":"https:\/\/zonaroja.com.mx\/index.php?rest_route=%2Fwp%2Fv2%2Fcategories&post=48879"},{"taxonomy":"post_tag","embeddable":true,"href":"https:\/\/zonaroja.com.mx\/index.php?rest_route=%2Fwp%2Fv2%2Ftags&post=48879"}],"curies":[{"name":"wp","href":"https:\/\/api.w.org\/{rel}","templated":true}]}}