{"id":4888,"date":"2019-10-16T20:34:15","date_gmt":"2019-10-17T01:34:15","guid":{"rendered":"http:\/\/www.zonaroja.com.mx\/?p=4888"},"modified":"2019-10-16T20:34:18","modified_gmt":"2019-10-17T01:34:18","slug":"inauguran-seminario-permanente-de-historia-de-las-mujeres-en-oaxaca","status":"publish","type":"post","link":"https:\/\/zonaroja.com.mx\/?p=4888","title":{"rendered":"Inauguran Seminario Permanente de Historia de las Mujeres en Oaxaca"},"content":{"rendered":"\n<p>Evlin Arag\u00f3n\/Zona Roja.<\/p>\n\n\n\n<p>Oaxaca de Ju\u00e1rez, Oax., 16 de octubre\nde 2019.- Este mi\u00e9rcoles inici\u00f3 en la capital de Oaxaca la s\u00e9ptima edici\u00f3n del\nSeminario Permanente de Historia de la Mujeres y G\u00e9nero que en esta ocasi\u00f3n\nlleva por t\u00edtulo \u201cFuentes y memoria: Derechos sexuales y reproductiva y\nviolencia contra las mujeres\u201d.<\/p>\n\n\n\n<p>El objetivo es consolidarse como un\nespacio acad\u00e9mico para la discusi\u00f3n de temas relacionamos con la poblaci\u00f3n\nfemenina en M\u00e9xico y en mundo.<\/p>\n\n\n\n<p>Dicho proceso educativo es impulsado\ndesde hace siete a\u00f1os por la Benem\u00e9rita Universidad Aut\u00f3noma de Puebla (BUAP),\na trav\u00e9s del Cuerpo Acad\u00e9mico CA-BUAP 331 \u201cHistorias de las Pr\u00e1cticas Pol\u00edticas:\nG\u00e9nero e identidad\u201d.<\/p>\n\n\n\n<p>As\u00ed como por el CA \u201cHistoria, literatura y cultura de Oaxaca Siglos XIX-XX\u201d, que este a\u00f1o se aliaron con la Universidad Aut\u00f3noma \u201cBenito Ju\u00e1rez\u201d de Oaxaca, a trav\u00e9s del Instituto de Investigaciones en Humanidades, la Direcci\u00f3n de Equidad y G\u00e9nero y la Biblioteca \u201cFrancisco de Burgoa\u201d. <\/p>\n\n\n\n<figure class=\"wp-block-embed-twitter wp-block-embed is-type-rich is-provider-twitter\"><div class=\"wp-block-embed__wrapper\">\n<div class=\"twitter-tweet\"><blockquote class=\"twitter-tweet\" data-lang=\"es\"><p lang=\"es\" dir=\"ltr\">Mensaje de bienvenida de <a href=\"https:\/\/twitter.com\/yamillegh?ref_src=twsrc%5Etfw\">@yamillegh<\/a>, titular de la <a href=\"https:\/\/twitter.com\/DUabjo?ref_src=twsrc%5Etfw\">@DUabjo<\/a>, en la inauguraci\u00f3n del Seminario Permanente de Historia de las Mujeres y G\u00e9nero, quien celebr\u00f3 la realizaci\u00f3n de este importante evento en <a href=\"https:\/\/twitter.com\/hashtag\/Oaxaca?src=hash&amp;ref_src=twsrc%5Etfw\">#Oaxaca<\/a>, particularmente con sede en la <a href=\"https:\/\/twitter.com\/UABJO?ref_src=twsrc%5Etfw\">@UABJO<\/a>.<a href=\"https:\/\/twitter.com\/Bautistaeduardo?ref_src=twsrc%5Etfw\">@Bautistaeduardo<\/a> <a href=\"https:\/\/twitter.com\/hashtag\/SomosUABJO?src=hash&amp;ref_src=twsrc%5Etfw\">#SomosUABJO<\/a> <a href=\"https:\/\/t.co\/n1pFMidbpy\">pic.twitter.com\/n1pFMidbpy<\/a><\/p>&mdash; DIEG UABJO (@DUabjo) <a href=\"https:\/\/twitter.com\/DUabjo\/status\/1184508948784865280?ref_src=twsrc%5Etfw\">16 de octubre de 2019<\/a><\/blockquote><\/div>\n<\/div><\/figure>\n\n\n\n<p>Durante la inauguraci\u00f3n del encuentro, la\ntitular de la Direcci\u00f3n de Equidad y G\u00e9nero de la UABJO, Yamille G\u00f3mez\nHern\u00e1ndez, celebr\u00f3 la alianza generada entre las universidades a fin de\nconsolidar este espacio de reflexi\u00f3n y an\u00e1lisis tan necesario por parte de los\ncuerpos acad\u00e9micos de todos los centros educativos de nivel superior.<\/p>\n\n\n\n<p>En este sentido, asegur\u00f3 que ya existe\nmucho trabajo realizado por la academia en torno a las mujeres mismo que\nnecesita ser difundido, de ah\u00ed la relevancia de espacios como el reci\u00e9n\ninaugurado que permite generar el di\u00e1logo en temas como los derechos sexuales y\nreproductivos y la violencia de g\u00e9nero, as\u00ed como conocer los trabajos de\ninvestigaci\u00f3n al respecto que muchas veces respaldan la lucha feminista. <\/p>\n\n\n\n<p>\u201cHay muchas investigadoras al interior\nde la UABJO que construyen conocimiento que impacta directamente en la lucha\nfeminista, tal es el caso de Concepci\u00f3n N\u00fa\u00f1ez, Margarita Dalton, Josefina\nAranda, Leticia Brise\u00f1o, Fabiola Bail\u00f3n y muchas m\u00e1s, por eso es importante la\nrealizaci\u00f3n de este tipo de espacios para conocer su trabajo\u201d, dijo la funcionaria.\n<\/p>\n\n\n\n<p>Como parte del seminario, del 16 al 18\nde octubre se presentar\u00e1n conferencia sobre la participaci\u00f3n de las mujeres en\nlos movimientos sociales; estudios de la historia de las mujeres; la cuarta ola\nfeminista: activismo online; los feminicidios en Ciudad Ju\u00e1rez y otras partes\nde la Rep\u00fablica; el aborto en el derecho mexicano; violencia sexual; mujeres y\nmigraci\u00f3n, entre muchos m\u00e1s.<\/p>\n","protected":false},"excerpt":{"rendered":"<p>Evlin Arag\u00f3n\/Zona Roja. Oaxaca de Ju\u00e1rez, Oax., 16 de octubre de 2019.- Este mi\u00e9rcoles inici\u00f3&hellip;<\/p>\n","protected":false},"author":2,"featured_media":4889,"comment_status":"closed","ping_status":"open","sticky":false,"template":"","format":"standard","meta":{"_lmt_disableupdate":"","_lmt_disable":"","_jetpack_memberships_contains_paid_content":false,"footnotes":""},"categories":[109,46],"tags":[755],"class_list":["post-4888","post","type-post","status-publish","format-standard","has-post-thumbnail","hentry","category-minuto-a-minuto","category-zona-blanca","tag-direccion-de-equidad-y-genero-uabjo"],"jetpack_featured_media_url":"https:\/\/zonaroja.com.mx\/wp-content\/uploads\/2019\/10\/Image-1-28-1.png","jetpack_sharing_enabled":true,"_links":{"self":[{"href":"https:\/\/zonaroja.com.mx\/index.php?rest_route=\/wp\/v2\/posts\/4888","targetHints":{"allow":["GET"]}}],"collection":[{"href":"https:\/\/zonaroja.com.mx\/index.php?rest_route=\/wp\/v2\/posts"}],"about":[{"href":"https:\/\/zonaroja.com.mx\/index.php?rest_route=\/wp\/v2\/types\/post"}],"author":[{"embeddable":true,"href":"https:\/\/zonaroja.com.mx\/index.php?rest_route=\/wp\/v2\/users\/2"}],"replies":[{"embeddable":true,"href":"https:\/\/zonaroja.com.mx\/index.php?rest_route=%2Fwp%2Fv2%2Fcomments&post=4888"}],"version-history":[{"count":1,"href":"https:\/\/zonaroja.com.mx\/index.php?rest_route=\/wp\/v2\/posts\/4888\/revisions"}],"predecessor-version":[{"id":4890,"href":"https:\/\/zonaroja.com.mx\/index.php?rest_route=\/wp\/v2\/posts\/4888\/revisions\/4890"}],"wp:featuredmedia":[{"embeddable":true,"href":"https:\/\/zonaroja.com.mx\/index.php?rest_route=\/wp\/v2\/media\/4889"}],"wp:attachment":[{"href":"https:\/\/zonaroja.com.mx\/index.php?rest_route=%2Fwp%2Fv2%2Fmedia&parent=4888"}],"wp:term":[{"taxonomy":"category","embeddable":true,"href":"https:\/\/zonaroja.com.mx\/index.php?rest_route=%2Fwp%2Fv2%2Fcategories&post=4888"},{"taxonomy":"post_tag","embeddable":true,"href":"https:\/\/zonaroja.com.mx\/index.php?rest_route=%2Fwp%2Fv2%2Ftags&post=4888"}],"curies":[{"name":"wp","href":"https:\/\/api.w.org\/{rel}","templated":true}]}}