{"id":48881,"date":"2022-12-05T07:30:40","date_gmt":"2022-12-05T13:30:40","guid":{"rendered":"http:\/\/www.zonaroja.com.mx\/?p=48881"},"modified":"2022-12-05T07:30:41","modified_gmt":"2022-12-05T13:30:41","slug":"anuncian-triquis-que-intensificaran-acciones-tras-desalojo","status":"publish","type":"post","link":"https:\/\/zonaroja.com.mx\/?p=48881","title":{"rendered":"Anuncian triquis que intensificar\u00e1n acciones, tras desalojo"},"content":{"rendered":"\n<p>Ismael Garc\u00eda M.\/Zona Roja.<\/p>\n\n\n\n<p>Oaxaca de Ju\u00e1rez, Oax., a 5 de diciembre de 2002.- Tras el desalojo de la madrugada del 2 de diciembre, un grupo de ind\u00edgenas triquis desplazados reanudar\u00e1 sus protestas a partir de este lunes y piden el apoyo de la Secci\u00f3n 22 del SNTE.<\/p>\n\n\n\n<p>\u201cDesde este espacio nuestra humilde trinchera de resistencia, los invitamos a solidarizarse desde su espacio de cada quien y a  sus posibilidades\u201d, llamaron a trav\u00e9s de un comunicado.<\/p>\n\n\n\n<p>\u201cNos reprimieron y desalojaron de una manera vil y cobarde varios compa\u00f1eras, compa\u00f1eros, lastimados ni\u00f1os asustados por la fuerza criminal del Estado\u201d, refirieron, tras ser retirados del corredor del Palacio de Gobierno y de una parte de la calle de Flores Mag\u00f3n, en la ciudad de Oaxaca.&nbsp;<\/p>\n\n\n\n<p>As\u00ed, dieron a conocer su plan de acci\u00f3n, que inicia este lunes a las 10:00 horas para acudir a las oficinas de la Secci\u00f3n 22, en la calle Armenta y L\u00f3pez de la Capital, a fin de solicitarles su apoyo en la lucha.<\/p>\n\n\n\n<p>Entre otras cosas, pedir\u00e1n apoyo con una ambulancia que acompa\u00f1e en la \u201cmarcha de los pies descalzos\u201d que partir\u00e1 frente del Palacio de Gobierno de Oaxaca hacia la ciudad de M\u00e9xico, as\u00ed como un aparato de sonido y otros apoyos.<\/p>\n\n\n\n<p>\u201cSolicitamos apoyo a los pueblos, comunidades, organizaciones, colectivos, escuelas, iglesias, en el transcurso del trayecto a nuestras caminata, que ser\u00eda por la v\u00eda federal, que se escuche nuestra voz, que se nos atienda y que de una vez por todas se nos solucione\u201d.<\/p>\n\n\n\n<p>En la capital del pa\u00eds, acudir\u00e1n a las sedes de la C\u00e1mara de Diputados, el Senado y medios informativo, para dar a conocer lo que aseguran es un acto de represi\u00f3n tras ser retirados de los espacios en que se hallaban desde hace m\u00e1s de 12 a\u00f1os.<\/p>\n\n\n\n<p>Entre sus demandas se encuentran el retorno a la comunidad de origen, la zona de Copala, Juxtlahuaca, con garant\u00eda y seguridad.&nbsp;<\/p>\n\n\n\n<p>\u201cEstamos abiertos a escuchar la disposici\u00f3n del Estado mexicano qu\u00e9 soluci\u00f3n proponernos, pues desde hace 12 a\u00f1os existe nuestro desplazamiento interno forzado\u201d.<\/p>\n\n\n\n<p>Responsabilizaron al gobernador Salom\u00f3n Jara Cruz; al secretario de Gobierno, Jes\u00fas Romero L\u00f3pez, y al presidente municipal Francisco Mart\u00ednes Neri de su integridad f\u00edsica.<\/p>\n","protected":false},"excerpt":{"rendered":"<p>Ismael Garc\u00eda M.\/Zona Roja. Oaxaca de Ju\u00e1rez, Oax., a 5 de diciembre de 2002.- Tras&hellip;<\/p>\n","protected":false},"author":2,"featured_media":48882,"comment_status":"closed","ping_status":"open","sticky":false,"template":"","format":"standard","meta":{"_lmt_disableupdate":"","_lmt_disable":"","_jetpack_memberships_contains_paid_content":false,"footnotes":""},"categories":[109,47],"tags":[354,2028],"class_list":["post-48881","post","type-post","status-publish","format-standard","has-post-thumbnail","hentry","category-minuto-a-minuto","category-zona-gris","tag-desplazados-de-san-juan-copala","tag-san-juan-copala"],"jetpack_featured_media_url":"https:\/\/zonaroja.com.mx\/wp-content\/uploads\/2022\/12\/Triquis-desplazados-Palacio-Oaxaca.jpg","jetpack_sharing_enabled":true,"_links":{"self":[{"href":"https:\/\/zonaroja.com.mx\/index.php?rest_route=\/wp\/v2\/posts\/48881","targetHints":{"allow":["GET"]}}],"collection":[{"href":"https:\/\/zonaroja.com.mx\/index.php?rest_route=\/wp\/v2\/posts"}],"about":[{"href":"https:\/\/zonaroja.com.mx\/index.php?rest_route=\/wp\/v2\/types\/post"}],"author":[{"embeddable":true,"href":"https:\/\/zonaroja.com.mx\/index.php?rest_route=\/wp\/v2\/users\/2"}],"replies":[{"embeddable":true,"href":"https:\/\/zonaroja.com.mx\/index.php?rest_route=%2Fwp%2Fv2%2Fcomments&post=48881"}],"version-history":[{"count":1,"href":"https:\/\/zonaroja.com.mx\/index.php?rest_route=\/wp\/v2\/posts\/48881\/revisions"}],"predecessor-version":[{"id":48883,"href":"https:\/\/zonaroja.com.mx\/index.php?rest_route=\/wp\/v2\/posts\/48881\/revisions\/48883"}],"wp:featuredmedia":[{"embeddable":true,"href":"https:\/\/zonaroja.com.mx\/index.php?rest_route=\/wp\/v2\/media\/48882"}],"wp:attachment":[{"href":"https:\/\/zonaroja.com.mx\/index.php?rest_route=%2Fwp%2Fv2%2Fmedia&parent=48881"}],"wp:term":[{"taxonomy":"category","embeddable":true,"href":"https:\/\/zonaroja.com.mx\/index.php?rest_route=%2Fwp%2Fv2%2Fcategories&post=48881"},{"taxonomy":"post_tag","embeddable":true,"href":"https:\/\/zonaroja.com.mx\/index.php?rest_route=%2Fwp%2Fv2%2Ftags&post=48881"}],"curies":[{"name":"wp","href":"https:\/\/api.w.org\/{rel}","templated":true}]}}