{"id":48884,"date":"2022-12-05T07:59:21","date_gmt":"2022-12-05T13:59:21","guid":{"rendered":"http:\/\/www.zonaroja.com.mx\/?p=48884"},"modified":"2022-12-05T07:59:22","modified_gmt":"2022-12-05T13:59:22","slug":"escala-la-crisis-de-la-basura-encarcelan-a-un-presidente-municipal-por-recibir-desechos","status":"publish","type":"post","link":"https:\/\/zonaroja.com.mx\/?p=48884","title":{"rendered":"Escala la crisis de la basura: encarcelan a un presidente municipal por recibir desechos"},"content":{"rendered":"\n<p>Ismael Garc\u00eda M.\/Zona Roja.<\/p>\n\n\n\n<p>Oaxaca de Ju\u00e1rez, Oax., a 5 de diciembre de 2022.- La crisis de la basura en la regi\u00f3n Valles Centrales de Oaxaca escal\u00f3 y el m\u00e1s reciente saldo es el encarcelamiento de un presidente municipal y un regidor, por permitir que les lleven tr\u00e1ileres con desechos a la comunidad.<\/p>\n\n\n\n<p>Ocurri\u00f3 este fin de semana en San Miguel Tilquiapan, donde pobladores encerraron al presidente municipal Casto Emilio P\u00e9rez Luis y al regidor de Obras, por permitir que varios camiones, presuntamente procedentes de la ciudad de Oaxaca, llegaran a tirar basura a su zona.<\/p>\n\n\n\n<p>Ante ello, la secretaria Municipal, Leticia Mart\u00ednez Santiago, acudi\u00f3 a la comandancia de la Polic\u00eda Estatal con sede en Ocotl\u00e1n de Morelos, para solicitar ayuda.<\/p>\n\n\n\n<p>Tras la intervenci\u00f3n, ayer por la tarde fueron liberadas las autoridades municipales pero bajo la condici\u00f3n de citar a una asamblea comunitaria, con la finalidad de que explique a la poblaci\u00f3n por qu\u00e9 recibi\u00f3 camiones con desechos en esa comunidad de la regi\u00f3n Valles Centrales.<\/p>\n\n\n\n<p>Desde el pasado 8 de octubre, habitantes de la agencia Vicente Guerrero, de la Villa de Zaachila, cerraron el tiradero donde depositaban su basura al menos 25 municipios, lo que ha desatado una crisis sanitaria que se ha acentuado en la capital de Oaxaca. <\/p>\n","protected":false},"excerpt":{"rendered":"<p>Ismael Garc\u00eda M.\/Zona Roja. Oaxaca de Ju\u00e1rez, Oax., a 5 de diciembre de 2022.- La&hellip;<\/p>\n","protected":false},"author":2,"featured_media":48885,"comment_status":"closed","ping_status":"open","sticky":false,"template":"","format":"standard","meta":{"_lmt_disableupdate":"","_lmt_disable":"","_jetpack_memberships_contains_paid_content":false,"footnotes":""},"categories":[109,47],"tags":[3336],"class_list":["post-48884","post","type-post","status-publish","format-standard","has-post-thumbnail","hentry","category-minuto-a-minuto","category-zona-gris","tag-san-miguel-tilquiapan"],"jetpack_featured_media_url":"https:\/\/zonaroja.com.mx\/wp-content\/uploads\/2022\/12\/Encarcelado-edil-Tilquiapan.jpg","jetpack_sharing_enabled":true,"_links":{"self":[{"href":"https:\/\/zonaroja.com.mx\/index.php?rest_route=\/wp\/v2\/posts\/48884","targetHints":{"allow":["GET"]}}],"collection":[{"href":"https:\/\/zonaroja.com.mx\/index.php?rest_route=\/wp\/v2\/posts"}],"about":[{"href":"https:\/\/zonaroja.com.mx\/index.php?rest_route=\/wp\/v2\/types\/post"}],"author":[{"embeddable":true,"href":"https:\/\/zonaroja.com.mx\/index.php?rest_route=\/wp\/v2\/users\/2"}],"replies":[{"embeddable":true,"href":"https:\/\/zonaroja.com.mx\/index.php?rest_route=%2Fwp%2Fv2%2Fcomments&post=48884"}],"version-history":[{"count":1,"href":"https:\/\/zonaroja.com.mx\/index.php?rest_route=\/wp\/v2\/posts\/48884\/revisions"}],"predecessor-version":[{"id":48886,"href":"https:\/\/zonaroja.com.mx\/index.php?rest_route=\/wp\/v2\/posts\/48884\/revisions\/48886"}],"wp:featuredmedia":[{"embeddable":true,"href":"https:\/\/zonaroja.com.mx\/index.php?rest_route=\/wp\/v2\/media\/48885"}],"wp:attachment":[{"href":"https:\/\/zonaroja.com.mx\/index.php?rest_route=%2Fwp%2Fv2%2Fmedia&parent=48884"}],"wp:term":[{"taxonomy":"category","embeddable":true,"href":"https:\/\/zonaroja.com.mx\/index.php?rest_route=%2Fwp%2Fv2%2Fcategories&post=48884"},{"taxonomy":"post_tag","embeddable":true,"href":"https:\/\/zonaroja.com.mx\/index.php?rest_route=%2Fwp%2Fv2%2Ftags&post=48884"}],"curies":[{"name":"wp","href":"https:\/\/api.w.org\/{rel}","templated":true}]}}