{"id":48887,"date":"2022-12-05T08:37:03","date_gmt":"2022-12-05T14:37:03","guid":{"rendered":"http:\/\/www.zonaroja.com.mx\/?p=48887"},"modified":"2022-12-05T08:37:05","modified_gmt":"2022-12-05T14:37:05","slug":"confirman-desaparicion-de-dos-mujeres-y-dos-ninos-en-la-mixteca-de-oaxaca","status":"publish","type":"post","link":"https:\/\/zonaroja.com.mx\/?p=48887","title":{"rendered":"Confirman desaparici\u00f3n de dos mujeres y dos ni\u00f1os en la Mixteca de Oaxaca"},"content":{"rendered":"\n<p>Ismael Garc\u00eda M.\/Zona Roja.<\/p>\n\n\n\n<p>Oaxaca de Ju\u00e1rez, Oax., a 5 de diciembre de 2022.- Dos menores de edad y dos mujeres desaparecieron de San Mart\u00edn Peras, Oaxaca, confirm\u00f3 la Unidad de Personas Desaparecidas y No Localizadas, de la Fiscal\u00eda General del Estado.<\/p>\n\n\n\n<p>De acuerdo con la fichas de b\u00fasqueda emitidas ayer, se trata de Guadalupe Ortiz Salvador, de 78 a\u00f1os de edad; Marcelina Vega Ortiz, de 50 a\u00f1os; Diego Ju\u00e1rez Eulogio, de 11 a\u00f1os, y Yenifer Ju\u00e1rez Eulogio, de siete a\u00f1os; fueron vistos por \u00faltima vez el pasado 3 de diciembre aproximadamente a las 19:30 horas en ese municipio de la regi\u00f3n Mixteca del estado.<\/p>\n\n\n\n<p>Ello fue denunciado ayer en la capital por parte de autoridades municipales que encabeza Rom\u00e1n Ju\u00e1rez Cruz, quien culp\u00f3 a Elpidio Morales Ram\u00edrez de la desaparici\u00f3n de la familia del edi.<\/p>\n\n\n\n<p>De acuerdo con la versi\u00f3n que dieron, el se\u00f1alado lleg\u00f3 a Peras procedente de la Ciudad de M\u00e9xico y desde entonces ha encabezado un movimiento en que acusa a las autoridades municipales de actos de corrupci\u00f3n, \u201ccon la finalidad de apoderarse del municipio\u201d.<\/p>\n\n\n\n<p>Por ese motivo, iniciaron un procedimiento ante la Fiscal\u00eda General del Estado y Tribunal Electoral del Estado de Oaxaca, este \u00faltimo que aseguran les dio la raz\u00f3n.<\/p>\n\n\n\n<p>\u201cCabe destacar que desde la llegada de este sujeto, lleg\u00f3 acompa\u00f1ado de gente armada, con armas de alto poder y de uso exclusivo del ej\u00e9rcito y en diversas ocasiones hemos sufrido constantes ataques armados e incluso en el mes octubre del a\u00f1o pasado, fueron balaceadas personas que se encontraban en el interior de las oficinas de la presidencia municipal\u201d, se\u00f1alaron ayer.<\/p>\n\n\n\n<p>\u201cHoy nuevamente, estamos viviendo una situaci\u00f3n de emergencia en la cual tememos lo peor y nos encontramos ante una situaci\u00f3n de incertidumbre y de temor, pues el se\u00f1or Elpidio Morales Ram\u00edrez, ante su ambici\u00f3n de poder y al haber comprobado que no cuenta con el respaldo de la poblaci\u00f3n del municipio y de sus agencias, utilizando la violencia y a un n\u00famero no mayor de 15 personas y muchos de ellos armados, incluso con armas de alto poder.<\/p>\n\n\n\n<p>\u201cAlgunas de ellas de las denominadas \u2018cuernos de chivo\u2019, y llegaron a la casa del presidente municipal con la intenci\u00f3n de sacarlo de su casa y asesinarlo, pero como el presidente no se encontraba, sin ninguna representatividad y con lujo de violencia penetraron a su casa y violentaron a las mujeres que ah\u00ed se encontraban\u201d, llev\u00e1ndose a la esposa del edil, dos menores de edad y una mujer de la tercera edad.&nbsp;<\/p>\n\n\n\n<p>Demandan la presentaci\u00f3n con vida estas personas quienes fueron \u201cretenidas y secuestradas por esta persona y sus secuaces, mismo que se pasean con una total impunidad y no se ha actuado en su contra para restablecer el estado de derecho\u201d.<\/p>\n","protected":false},"excerpt":{"rendered":"<p>Ismael Garc\u00eda M.\/Zona Roja. Oaxaca de Ju\u00e1rez, Oax., a 5 de diciembre de 2022.- Dos&hellip;<\/p>\n","protected":false},"author":2,"featured_media":48888,"comment_status":"closed","ping_status":"open","sticky":false,"template":"","format":"standard","meta":{"_lmt_disableupdate":"","_lmt_disable":"","_jetpack_memberships_contains_paid_content":false,"footnotes":""},"categories":[109,47],"tags":[1872],"class_list":["post-48887","post","type-post","status-publish","format-standard","has-post-thumbnail","hentry","category-minuto-a-minuto","category-zona-gris","tag-san-martin-peras"],"jetpack_featured_media_url":"https:\/\/zonaroja.com.mx\/wp-content\/uploads\/2022\/12\/Desaparecidos-San-Martin-Peras.jpg","jetpack_sharing_enabled":true,"_links":{"self":[{"href":"https:\/\/zonaroja.com.mx\/index.php?rest_route=\/wp\/v2\/posts\/48887","targetHints":{"allow":["GET"]}}],"collection":[{"href":"https:\/\/zonaroja.com.mx\/index.php?rest_route=\/wp\/v2\/posts"}],"about":[{"href":"https:\/\/zonaroja.com.mx\/index.php?rest_route=\/wp\/v2\/types\/post"}],"author":[{"embeddable":true,"href":"https:\/\/zonaroja.com.mx\/index.php?rest_route=\/wp\/v2\/users\/2"}],"replies":[{"embeddable":true,"href":"https:\/\/zonaroja.com.mx\/index.php?rest_route=%2Fwp%2Fv2%2Fcomments&post=48887"}],"version-history":[{"count":1,"href":"https:\/\/zonaroja.com.mx\/index.php?rest_route=\/wp\/v2\/posts\/48887\/revisions"}],"predecessor-version":[{"id":48889,"href":"https:\/\/zonaroja.com.mx\/index.php?rest_route=\/wp\/v2\/posts\/48887\/revisions\/48889"}],"wp:featuredmedia":[{"embeddable":true,"href":"https:\/\/zonaroja.com.mx\/index.php?rest_route=\/wp\/v2\/media\/48888"}],"wp:attachment":[{"href":"https:\/\/zonaroja.com.mx\/index.php?rest_route=%2Fwp%2Fv2%2Fmedia&parent=48887"}],"wp:term":[{"taxonomy":"category","embeddable":true,"href":"https:\/\/zonaroja.com.mx\/index.php?rest_route=%2Fwp%2Fv2%2Fcategories&post=48887"},{"taxonomy":"post_tag","embeddable":true,"href":"https:\/\/zonaroja.com.mx\/index.php?rest_route=%2Fwp%2Fv2%2Ftags&post=48887"}],"curies":[{"name":"wp","href":"https:\/\/api.w.org\/{rel}","templated":true}]}}