{"id":48890,"date":"2022-12-05T10:37:00","date_gmt":"2022-12-05T16:37:00","guid":{"rendered":"http:\/\/www.zonaroja.com.mx\/?p=48890"},"modified":"2022-12-05T08:49:47","modified_gmt":"2022-12-05T14:49:47","slug":"ola-de-terror-en-zacatecas-y-gobierno-morenista-de-david-monreal-pasivo","status":"publish","type":"post","link":"https:\/\/zonaroja.com.mx\/?p=48890","title":{"rendered":"Ola de terror en Zacatecas y gobierno morenista de David Monreal pasivo"},"content":{"rendered":"\n<p>Redacci\u00f3n\/Zona Roja Cdmx.<\/p>\n\n\n\n<p>Ciudad de M\u00e9xico, a 5 de diciembre de 2022.- La violencia escal\u00f3 el estado de Zacatecas con el asesinato de un juez, bloqueos e incendios de veh\u00edculos ocurridos este domingo, frente a la pasividad del gobernador morenista David Monreal, hermano del senador Ricardo Monreal \u00c1vila.<\/p>\n\n\n\n<p>Ayer por la ma\u00f1ana falleci\u00f3 el juez del Poder Judicial, Roberto El\u00edas, tras ser atacado a balazos el d\u00eda anterior en el municipio de Guadalupe; la agresi\u00f3n fue directa.<\/p>\n\n\n\n<p>Apenas hace unos d\u00edas, acribillaron al General Jos\u00e9 Silvestre Urz\u00faa Padilla, coordinador estatal de la Guardia Nacional, hace unos d\u00edas, en Pinos, Zacatecas.<\/p>\n\n\n\n<p>Y ayer tras un intento de fuga en el penal de Cieneguilla, se desat\u00f3 una jornada violenta y un amotinamiento.<\/p>\n\n\n\n<p>Grupos criminales incendiaron veh\u00edculos, casetas y bloquearon las principales carreteras que conectan con los estados de Aguascalientes y San Luis Potos\u00ed, as\u00ed como avenidas de Fresnillo, Municipio gobernado por el morenista Sa\u00fal Monreal.<\/p>\n\n\n\n<p>A las 19:00 horas de ayer, se dio el primer reporte de un intento de fuga de reos en el penal ubicado sobre la carretera Francisco Madero, en la localidad de Cieneguillas.<\/p>\n\n\n\n<p>Al lugar arribaron elementos policiacos municipales y estatales, as\u00ed como de la Guardia Nacional y del Ej\u00e9rcito.<\/p>\n\n\n\n<p>Al mismo tiempo que ocurr\u00eda el enfrentamiento en el penal, se report\u00f3 que varios camiones y veh\u00edculos fueron incendiados en la v\u00eda hacia Aguascalientes, a la altura de Cuauht\u00e9moc.<\/p>\n\n\n\n<p>Tambi\u00e9n la caseta de Calera, en la v\u00eda federal 45, tramo Zacatecas-Fresnillo, fue incendiada y adem\u00e1s fueron lanzados poncha-llantas en las carreteras hacia Fresnillo y Jerez.<\/p>\n\n\n\n<p>En tanto, anoche fueron suspendidas las corridas de autobuses para entrar y salir de Zacatecas, as\u00ed como el transporte de carga.<\/p>\n\n\n\n<p>(Con informaci\u00f3n de \u00abReforma\u00bb)<\/p>\n","protected":false},"excerpt":{"rendered":"<p>Redacci\u00f3n\/Zona Roja Cdmx. Ciudad de M\u00e9xico, a 5 de diciembre de 2022.- La violencia escal\u00f3&hellip;<\/p>\n","protected":false},"author":2,"featured_media":48891,"comment_status":"closed","ping_status":"open","sticky":false,"template":"","format":"standard","meta":{"_lmt_disableupdate":"","_lmt_disable":"","_jetpack_memberships_contains_paid_content":false,"footnotes":""},"categories":[109,47],"tags":[1794],"class_list":["post-48890","post","type-post","status-publish","format-standard","has-post-thumbnail","hentry","category-minuto-a-minuto","category-zona-gris","tag-zacatecas"],"jetpack_featured_media_url":"https:\/\/zonaroja.com.mx\/wp-content\/uploads\/2022\/12\/Violencia-y-bloqueos-zacatecas.webp","jetpack_sharing_enabled":true,"_links":{"self":[{"href":"https:\/\/zonaroja.com.mx\/index.php?rest_route=\/wp\/v2\/posts\/48890","targetHints":{"allow":["GET"]}}],"collection":[{"href":"https:\/\/zonaroja.com.mx\/index.php?rest_route=\/wp\/v2\/posts"}],"about":[{"href":"https:\/\/zonaroja.com.mx\/index.php?rest_route=\/wp\/v2\/types\/post"}],"author":[{"embeddable":true,"href":"https:\/\/zonaroja.com.mx\/index.php?rest_route=\/wp\/v2\/users\/2"}],"replies":[{"embeddable":true,"href":"https:\/\/zonaroja.com.mx\/index.php?rest_route=%2Fwp%2Fv2%2Fcomments&post=48890"}],"version-history":[{"count":1,"href":"https:\/\/zonaroja.com.mx\/index.php?rest_route=\/wp\/v2\/posts\/48890\/revisions"}],"predecessor-version":[{"id":48892,"href":"https:\/\/zonaroja.com.mx\/index.php?rest_route=\/wp\/v2\/posts\/48890\/revisions\/48892"}],"wp:featuredmedia":[{"embeddable":true,"href":"https:\/\/zonaroja.com.mx\/index.php?rest_route=\/wp\/v2\/media\/48891"}],"wp:attachment":[{"href":"https:\/\/zonaroja.com.mx\/index.php?rest_route=%2Fwp%2Fv2%2Fmedia&parent=48890"}],"wp:term":[{"taxonomy":"category","embeddable":true,"href":"https:\/\/zonaroja.com.mx\/index.php?rest_route=%2Fwp%2Fv2%2Fcategories&post=48890"},{"taxonomy":"post_tag","embeddable":true,"href":"https:\/\/zonaroja.com.mx\/index.php?rest_route=%2Fwp%2Fv2%2Ftags&post=48890"}],"curies":[{"name":"wp","href":"https:\/\/api.w.org\/{rel}","templated":true}]}}