{"id":48902,"date":"2022-12-05T17:44:06","date_gmt":"2022-12-05T23:44:06","guid":{"rendered":"http:\/\/www.zonaroja.com.mx\/?p=48902"},"modified":"2022-12-05T17:44:08","modified_gmt":"2022-12-05T23:44:08","slug":"desoye-neri-a-vecinos-y-permite-invasion-de-ambulantes-en-centro-historico","status":"publish","type":"post","link":"https:\/\/zonaroja.com.mx\/?p=48902","title":{"rendered":"Desoye Neri a vecinos y permite invasi\u00f3n de ambulantes en Centro Hist\u00f3rico"},"content":{"rendered":"\n<p>Yuridiana Sosa\/Zona Roja.<\/p>\n\n\n\n<p>Oaxaca de Ju\u00e1rez, Oax., 5 de diciembre de 2022.- Mientras los espacios p\u00fablicos son limitados a las artes, el ayuntamiento de Oaxaca de Ju\u00e1rez consiente la instalaci\u00f3n de puestos del comercio informal en el Centro Hist\u00f3rico, como ocurre una vez m\u00e1s a un costado del templo de Santo Domingo de Guzm\u00e1n.<\/p>\n\n\n\n<p>Vecinos del jard\u00edn \u201cEl Pa\u00f1uelito\u201d, ubicados sobre la calle de Gurri\u00f3n y primera de Constituci\u00f3n, han denunciado a las autoridades municipales, por medio de oficios, las diversas afectaciones que causa la invasi\u00f3n de esos espacios, desde da\u00f1os estructurales, contaminaci\u00f3n y de tr\u00e1nsito, pero han sido ignorados.<\/p>\n\n\n\n<p>Desde el pasado 25 de noviembre los comerciantes establecidos y habitantes de la zona han solicitado nuevamente una mesa de di\u00e1logo con el edil Francisco Mart\u00ednez Neri, sin que exista ning\u00fan tipo de respuesta por parte del gobierno morenista.<\/p>\n\n\n\n<p>La denuncia y solicitud de un encuentro fue enviada a diversas \u00e1reas del ayuntamiento, como Regidur\u00eda Derechos Humanos y Asuntos Ind\u00edgenas, Seguridad Ciudadana, as\u00ed como a la Defensor\u00eda de los Derechos Humanos del Pueblo de Oaxaca, as\u00ed como al Instituto Nacional de Antropolog\u00eda e Historia (INAH), pues la cantera del espacio ha sufrido da\u00f1os.<\/p>\n\n\n\n<p>Los vecinos manifestaron que desde inicios de noviembre comenzaron a notar que por las noches un grupo de personas, med\u00eda la calle lateral al templo de Santo Domingo.<\/p>\n\n\n\n<p>Este fin de semana comenz\u00f3 la instalaci\u00f3n de m\u00e1s de una veintena de puestos informales, con uniformidad en las estructuras met\u00e1licas, sobre la calle de Gurri\u00f3n, sin que alguna autoridad municipal informe p\u00fablicamente sobre los permisos otorgados para la invasi\u00f3n de la v\u00eda p\u00fablica.<\/p>\n\n\n\n<figure class=\"wp-block-embed is-type-rich is-provider-twitter wp-block-embed-twitter\"><div class=\"wp-block-embed__wrapper\">\n<div class=\"twitter-tweet\"><blockquote class=\"twitter-tweet\" data-lang=\"es\"><p lang=\"es\" dir=\"ltr\"><a href=\"https:\/\/twitter.com\/hashtag\/%C3%9AltimoMinuto?src=hash&amp;ref_src=twsrc%5Etfw\">#\u00daltimoMinuto<\/a><br>A unos d\u00edas de las fiestas decembrinas que atraen a una mayor cantidad de turistas, el <a href=\"https:\/\/twitter.com\/MunicipioOaxaca?ref_src=twsrc%5Etfw\">@MunicipioOaxaca<\/a> ya llen\u00f3 de vendedores ambulantes la calle Gurri\u00f3n, a un costado del templo de Santo Domingo de Guzm\u00e1n, que ya hab\u00eda sido limpiado en el trienio anterior. <a href=\"https:\/\/t.co\/Yc8XLRrxHt\">pic.twitter.com\/Yc8XLRrxHt<\/a><\/p>&mdash; Zona Roja Oaxaca (@ZonaRoja_Oaxaca) <a href=\"https:\/\/twitter.com\/ZonaRoja_Oaxaca\/status\/1599580371888504832?ref_src=twsrc%5Etfw\">5 de diciembre de 2022<\/a><\/blockquote><\/div>\n<\/div><\/figure>\n\n\n\n<p>As\u00ed tambi\u00e9n el comercio formal se\u00f1al\u00f3 sobre la desorganizaci\u00f3n para la realizaci\u00f3n de actividades culturales en jard\u00edn \u201cEl Pa\u00f1uelito\u201d, para las que no se dejan v\u00edas alternas para la movilidad peatonal, afectando principalmente a los adultos mayores y personas con discapacidad.<\/p>\n\n\n\n<p>Fue durante el trienio anterior cuando el \u00e1rea logr\u00f3 ser recuperada luego de un periodo con puestos ambulantes.<\/p>\n\n\n\n<p>MAL ANTECEDENTE<\/p>\n\n\n\n<p>Esta no es la primera vez que el gobierno municipal de Francisco Mart\u00ednez Neri privilegia al comercio informal, en julio de este a\u00f1o se registr\u00f3 el desalojo de una exposici\u00f3n art\u00edstica para la instalaci\u00f3n de puestos informales.<\/p>\n\n\n\n<p>El pasado 23 de julio, en v\u00edsperas de la Guelaguetza, la autoridad municipal desarroll\u00f3 un operativo para el retiro de una exposici\u00f3n art\u00edstica en honor al pintor Rufino Tamayo a un costado del templo de Santo Domingo de Guzm\u00e1n, la cual llevaba nueve meses.<\/p>\n\n\n\n<p>Con esa actividad el gobierno de Mart\u00ednez Neri dio fin a la recuperaci\u00f3n de espacios p\u00fablicos a trav\u00e9s de las artes a pesar que en aquella ocasi\u00f3n los artistas solicitaron en diversas ocasiones permisos para continuar con la exposici\u00f3n, los cuales nunca fueron atendidos.&nbsp;<\/p>\n","protected":false},"excerpt":{"rendered":"<p>Yuridiana Sosa\/Zona Roja. Oaxaca de Ju\u00e1rez, Oax., 5 de diciembre de 2022.- Mientras los espacios&hellip;<\/p>\n","protected":false},"author":2,"featured_media":48903,"comment_status":"closed","ping_status":"open","sticky":false,"template":"","format":"standard","meta":{"_lmt_disableupdate":"","_lmt_disable":"","_jetpack_memberships_contains_paid_content":false,"footnotes":""},"categories":[109,47],"tags":[2418,148],"class_list":["post-48902","post","type-post","status-publish","format-standard","has-post-thumbnail","hentry","category-minuto-a-minuto","category-zona-gris","tag-francisco-martinez-neri","tag-oaxaca-de-juarez"],"jetpack_featured_media_url":"https:\/\/zonaroja.com.mx\/wp-content\/uploads\/2022\/12\/Ambulantes-Santo-Domingo-ciudad-Oaxaca.jpg","jetpack_sharing_enabled":true,"_links":{"self":[{"href":"https:\/\/zonaroja.com.mx\/index.php?rest_route=\/wp\/v2\/posts\/48902","targetHints":{"allow":["GET"]}}],"collection":[{"href":"https:\/\/zonaroja.com.mx\/index.php?rest_route=\/wp\/v2\/posts"}],"about":[{"href":"https:\/\/zonaroja.com.mx\/index.php?rest_route=\/wp\/v2\/types\/post"}],"author":[{"embeddable":true,"href":"https:\/\/zonaroja.com.mx\/index.php?rest_route=\/wp\/v2\/users\/2"}],"replies":[{"embeddable":true,"href":"https:\/\/zonaroja.com.mx\/index.php?rest_route=%2Fwp%2Fv2%2Fcomments&post=48902"}],"version-history":[{"count":1,"href":"https:\/\/zonaroja.com.mx\/index.php?rest_route=\/wp\/v2\/posts\/48902\/revisions"}],"predecessor-version":[{"id":48904,"href":"https:\/\/zonaroja.com.mx\/index.php?rest_route=\/wp\/v2\/posts\/48902\/revisions\/48904"}],"wp:featuredmedia":[{"embeddable":true,"href":"https:\/\/zonaroja.com.mx\/index.php?rest_route=\/wp\/v2\/media\/48903"}],"wp:attachment":[{"href":"https:\/\/zonaroja.com.mx\/index.php?rest_route=%2Fwp%2Fv2%2Fmedia&parent=48902"}],"wp:term":[{"taxonomy":"category","embeddable":true,"href":"https:\/\/zonaroja.com.mx\/index.php?rest_route=%2Fwp%2Fv2%2Fcategories&post=48902"},{"taxonomy":"post_tag","embeddable":true,"href":"https:\/\/zonaroja.com.mx\/index.php?rest_route=%2Fwp%2Fv2%2Ftags&post=48902"}],"curies":[{"name":"wp","href":"https:\/\/api.w.org\/{rel}","templated":true}]}}