{"id":48905,"date":"2022-12-05T17:55:49","date_gmt":"2022-12-05T23:55:49","guid":{"rendered":"http:\/\/www.zonaroja.com.mx\/?p=48905"},"modified":"2022-12-05T17:55:51","modified_gmt":"2022-12-05T23:55:51","slug":"el-de-jara-cruz-gobierno-que-no-oye-a-trabajadores-burocratas-en-paro","status":"publish","type":"post","link":"https:\/\/zonaroja.com.mx\/?p=48905","title":{"rendered":"El de Jara Cruz, gobierno que no oye a trabajadores bur\u00f3cratas en paro"},"content":{"rendered":"\n<p>Yuridiana Sosa\/Zona Roja.<\/p>\n\n\n\n<p>Oaxaca de Ju\u00e1rez, Oax., 5 de diciembre de 2022.- Trabajadores del Archivo Central de la Direcci\u00f3n del Registro Civil de Oaxaca, mantienen desde el viernes pasado una protesta para exigir respeto a sus derechos laborales, sin que hasta ahora la nueva directora general del organismo ni la Secretar\u00eda de Gobierno atiendan.<\/p>\n\n\n\n<p>Esta es la primera manifestaci\u00f3n por parte de trabajadores del gobierno del estado, adheridos al Sindicato de Trabajadores de los Poderes del Estado e Instituciones Descentralizadas de Car\u00e1cter Estatal de Oaxaca (STPEIDCEO), quienes a\u00fan no conocen a la directora general del Registro civil, Dulce Bel\u00e9n Uribe Mendoza.<\/p>\n\n\n\n<p>\u201cNo reingreso de personas con malas intenciones al Archivo Central\u201d, \u201cNo m\u00e1s enga\u00f1os\u201d, \u201cRespeto a la base\u201d, exigen los empleados, quienes este lunes nuevamente \u201ctomaron\u201d las oficinas del Archivo Central, del Registro Civil, ubicadas en la colonia Reforma, donde adem\u00e1s instalaron m\u00f3dulos para su permanencia.<\/p>\n\n\n\n<p>El cierre de este espacio afecta directamente a la poblaci\u00f3n oaxaque\u00f1a, pero pese a eso, la nueva administraci\u00f3n estatal no ha tenido ning\u00fan tipo de respuesta a los quejosos para que se abra la atenci\u00f3n al p\u00fablico.<\/p>\n\n\n\n<p>Fue la tarde del pasado viernes en que los trabajadores de base del Archivo Central instalaron su protesta y se retiraron por la noche, para descansar el fin de semana.<\/p>\n\n\n\n<p>La ma\u00f1ana de este lunes reanudaron las protestas y hasta el momento, a cinco d\u00edas del inicio del gobierno y a tres d\u00edas de al toma de protesta de la directora, Dulce Bel\u00e9n Uribe Mendoza, no se ha presentado a escuchar a los inconformes.<\/p>\n","protected":false},"excerpt":{"rendered":"<p>Yuridiana Sosa\/Zona Roja. Oaxaca de Ju\u00e1rez, Oax., 5 de diciembre de 2022.- Trabajadores del Archivo&hellip;<\/p>\n","protected":false},"author":2,"featured_media":48906,"comment_status":"closed","ping_status":"open","sticky":false,"template":"","format":"standard","meta":{"_lmt_disableupdate":"","_lmt_disable":"","_jetpack_memberships_contains_paid_content":false,"footnotes":""},"categories":[109,47],"tags":[1379],"class_list":["post-48905","post","type-post","status-publish","format-standard","has-post-thumbnail","hentry","category-minuto-a-minuto","category-zona-gris","tag-direccion-del-registro-civil-de-oaxaca"],"jetpack_featured_media_url":"https:\/\/zonaroja.com.mx\/wp-content\/uploads\/2022\/12\/Archivo-Central-Registro-Civil.jpg","jetpack_sharing_enabled":true,"_links":{"self":[{"href":"https:\/\/zonaroja.com.mx\/index.php?rest_route=\/wp\/v2\/posts\/48905","targetHints":{"allow":["GET"]}}],"collection":[{"href":"https:\/\/zonaroja.com.mx\/index.php?rest_route=\/wp\/v2\/posts"}],"about":[{"href":"https:\/\/zonaroja.com.mx\/index.php?rest_route=\/wp\/v2\/types\/post"}],"author":[{"embeddable":true,"href":"https:\/\/zonaroja.com.mx\/index.php?rest_route=\/wp\/v2\/users\/2"}],"replies":[{"embeddable":true,"href":"https:\/\/zonaroja.com.mx\/index.php?rest_route=%2Fwp%2Fv2%2Fcomments&post=48905"}],"version-history":[{"count":1,"href":"https:\/\/zonaroja.com.mx\/index.php?rest_route=\/wp\/v2\/posts\/48905\/revisions"}],"predecessor-version":[{"id":48907,"href":"https:\/\/zonaroja.com.mx\/index.php?rest_route=\/wp\/v2\/posts\/48905\/revisions\/48907"}],"wp:featuredmedia":[{"embeddable":true,"href":"https:\/\/zonaroja.com.mx\/index.php?rest_route=\/wp\/v2\/media\/48906"}],"wp:attachment":[{"href":"https:\/\/zonaroja.com.mx\/index.php?rest_route=%2Fwp%2Fv2%2Fmedia&parent=48905"}],"wp:term":[{"taxonomy":"category","embeddable":true,"href":"https:\/\/zonaroja.com.mx\/index.php?rest_route=%2Fwp%2Fv2%2Fcategories&post=48905"},{"taxonomy":"post_tag","embeddable":true,"href":"https:\/\/zonaroja.com.mx\/index.php?rest_route=%2Fwp%2Fv2%2Ftags&post=48905"}],"curies":[{"name":"wp","href":"https:\/\/api.w.org\/{rel}","templated":true}]}}