{"id":48908,"date":"2022-12-05T20:35:50","date_gmt":"2022-12-06T02:35:50","guid":{"rendered":"http:\/\/www.zonaroja.com.mx\/?p=48908"},"modified":"2022-12-05T20:35:51","modified_gmt":"2022-12-06T02:35:51","slug":"opinion-periodistas-en-peligro-de-extincion","status":"publish","type":"post","link":"https:\/\/zonaroja.com.mx\/?p=48908","title":{"rendered":"Opini\u00f3n. Periodistas en peligro de extinci\u00f3n"},"content":{"rendered":"\n<p>Diego Enrique Osorno*<\/p>\n\n\n\n<p>\u00bfHubo una \u00e9poca esplendorosa del periodismo? Si revisamos la historia de M\u00e9xico, \u00bfencontramos momentos luminosos del oficio?&nbsp;<\/p>\n\n\n\n<p>La salida de don Julio Scherer del peri\u00f3dico \u201cExcelsior\u201d y la posterior fundaci\u00f3n de la revista \u201cProceso\u201d son un pasaje emocionante y parteaguas de la resistencia al antiguo r\u00e9gimen de partido hegem\u00f3nico del PRI.<\/p>\n\n\n\n<p>Tambi\u00e9n podr\u00edan resaltarse la libre cobertura hecha por la prensa en general durante el alzamiento del 1 de enero de 1994 en Chiapas; el periodismo de investigaci\u00f3n surgido en el arranque del gobierno de Fox; la dram\u00e1tica inmersi\u00f3n de reporteros sociales en la malhadada guerra del narco de Calder\u00f3n, y la denuncia precisa de la corrupci\u00f3n en el sexenio de Pe\u00f1a Nieto.<\/p>\n\n\n\n<p>Hace d\u00edas visit\u00e9 la Facultad de Ciencias de la Comunicaci\u00f3n de la UANL. Cuando me gradu\u00e9 de ah\u00ed \u2014hace 20 a\u00f1os\u2014, el periodismo era una de las tres especialidades ofrecidas junto con Publicidad y Relaciones P\u00fablicas. Aunque \u00e9ramos minor\u00eda quienes quer\u00edamos ser periodistas en lugar de publicistas o relacionistas p\u00fablicos, la diferencia no era abismal como descubr\u00ed que es hoy.<\/p>\n\n\n\n<p>Pese a que la matr\u00edcula de la facultad se ha duplicado en los \u00faltimos cinco a\u00f1os, de alrededor de mil alumnos que ingresaron el a\u00f1o pasado, solamente 40 se inclinaron por estudiar periodismo. Esta tendencia a la baja es nacional, me advirtieron maestros y directivos.<\/p>\n\n\n\n<p>\u00bfPor qu\u00e9 ha disminuido el inter\u00e9s en el periodismo?, \u00bfpor un tema econ\u00f3mico luego de que diarios, revistas, radios y televisoras ya no tienen la capacidad de antes para ser las fuentes de empleo que eran?, \u00bfinhibir\u00e1 a j\u00f3venes el hecho de que hacer periodismo en nuestro pa\u00eds implica el riesgo de ser asesinado?, \u00bftendr\u00e1 algo que ver la absurda idea generalizada de que cualquiera puede ser periodista solo por acceder a redes sociales virtuales?<\/p>\n\n\n\n<p>No se trata de mirar con nostalgia un oficio, sino de preguntarnos el rol que tendr\u00e1n en la sociedad las personas que buscan informar con responsabilidad en una \u00e9poca en la que la mentira, la propaganda, la precariedad y las amenazas ensombrecen la labor period\u00edstica.<\/p>\n\n\n\n<p>Tras la visita a mi alma mater me qued\u00e9 con la sensaci\u00f3n de que el periodismo est\u00e1 infravalorado y los periodistas en peligro de extinci\u00f3n.<\/p>\n\n\n\n<p>Por eso hoy tiene m\u00e1s sentido que nunca estudiar periodismo y ser periodista.&nbsp;<\/p>\n\n\n\n<p>*Escritor y periodista.<\/p>\n\n\n\n<p>deo@detective.org.mx<\/p>\n","protected":false},"excerpt":{"rendered":"<p>Diego Enrique Osorno* \u00bfHubo una \u00e9poca esplendorosa del periodismo? Si revisamos la historia de M\u00e9xico,&hellip;<\/p>\n","protected":false},"author":2,"featured_media":48560,"comment_status":"closed","ping_status":"open","sticky":false,"template":"","format":"standard","meta":{"_lmt_disableupdate":"","_lmt_disable":"","_jetpack_memberships_contains_paid_content":false,"footnotes":""},"categories":[456,109],"tags":[3020],"class_list":["post-48908","post","type-post","status-publish","format-standard","has-post-thumbnail","hentry","category-columna","category-minuto-a-minuto","tag-diego-enrique-osorno"],"jetpack_featured_media_url":"https:\/\/zonaroja.com.mx\/wp-content\/uploads\/2022\/11\/Diego-Enrique-Osorno.jpeg","jetpack_sharing_enabled":true,"_links":{"self":[{"href":"https:\/\/zonaroja.com.mx\/index.php?rest_route=\/wp\/v2\/posts\/48908","targetHints":{"allow":["GET"]}}],"collection":[{"href":"https:\/\/zonaroja.com.mx\/index.php?rest_route=\/wp\/v2\/posts"}],"about":[{"href":"https:\/\/zonaroja.com.mx\/index.php?rest_route=\/wp\/v2\/types\/post"}],"author":[{"embeddable":true,"href":"https:\/\/zonaroja.com.mx\/index.php?rest_route=\/wp\/v2\/users\/2"}],"replies":[{"embeddable":true,"href":"https:\/\/zonaroja.com.mx\/index.php?rest_route=%2Fwp%2Fv2%2Fcomments&post=48908"}],"version-history":[{"count":1,"href":"https:\/\/zonaroja.com.mx\/index.php?rest_route=\/wp\/v2\/posts\/48908\/revisions"}],"predecessor-version":[{"id":48909,"href":"https:\/\/zonaroja.com.mx\/index.php?rest_route=\/wp\/v2\/posts\/48908\/revisions\/48909"}],"wp:featuredmedia":[{"embeddable":true,"href":"https:\/\/zonaroja.com.mx\/index.php?rest_route=\/wp\/v2\/media\/48560"}],"wp:attachment":[{"href":"https:\/\/zonaroja.com.mx\/index.php?rest_route=%2Fwp%2Fv2%2Fmedia&parent=48908"}],"wp:term":[{"taxonomy":"category","embeddable":true,"href":"https:\/\/zonaroja.com.mx\/index.php?rest_route=%2Fwp%2Fv2%2Fcategories&post=48908"},{"taxonomy":"post_tag","embeddable":true,"href":"https:\/\/zonaroja.com.mx\/index.php?rest_route=%2Fwp%2Fv2%2Ftags&post=48908"}],"curies":[{"name":"wp","href":"https:\/\/api.w.org\/{rel}","templated":true}]}}