{"id":48910,"date":"2022-12-05T22:00:08","date_gmt":"2022-12-06T04:00:08","guid":{"rendered":"http:\/\/www.zonaroja.com.mx\/?p=48910"},"modified":"2022-12-05T22:00:09","modified_gmt":"2022-12-06T04:00:09","slug":"dia-cinco-y-sigue-roja-primavera-en-oaxaca-siete-asesinados","status":"publish","type":"post","link":"https:\/\/zonaroja.com.mx\/?p=48910","title":{"rendered":"D\u00eda cinco y sigue \u201croja primavera\u201d en Oaxaca: siete asesinados"},"content":{"rendered":"\n<p>Ismael Garc\u00eda M.\/Zona Roja.<\/p>\n\n\n\n<p>Oaxaca de Ju\u00e1rez, Oax., a 5 de diciembre de 2022.- En el quinto d\u00eda del gobierno de Morena en Oaxaca, suman siete personas asesinadas a balazos en menos de 24 horas, en las regiones Istmo, Mixteca y Cuenca.<\/p>\n\n\n\n<p>Ello pese a que la ma\u00f1ana de este lunes, el gobernador Salom\u00f3n Jara Cruz tuvo su primera reuni\u00f3n de seguridad, en la que estuvo presente el General de Divisi\u00f3n Diplomado del Estado Mayor, Inocente Prado L\u00f3pez, comandante de la VIII Regi\u00f3n Militar, adem\u00e1s de titulares del \u00e1rea.<\/p>\n\n\n\n<p>En Mat\u00edas Romero se han cometido tres cr\u00edmenes en menos de 24 horas, dos de ellos esta tarde, en la calle 16 de Septiembre del centro de ese municipio istme\u00f1o.<\/p>\n\n\n\n<p>Las v\u00edctimas fueron identificadas como Osmar C. J., de 27 a\u00f1os de edad, y Antonio de Jes\u00fas S. P., de 37 a\u00f1os de edad, este \u00faltimo originario de Veracruz.<\/p>\n\n\n\n<p>Anoche en el mismo municipio fue ultimado a balazos en la avenida La Rosa de la colonia Hidalgo; respondi\u00f3 en vida al nombre de Rubiel A., comerciante con domicilio tambi\u00e9n en Mat\u00edas Romero.<\/p>\n\n\n\n<p>Por otra parte, en un hospital de Huajuapan de Le\u00f3n perdi\u00f3 la vida esta ma\u00f1ana un taxista que fue asaltado y herido de gravedad el fin de semana en los l\u00edmites de la agencia de Santiago Chilixtlahuaca y San Jos\u00e9 Chapultepec.<\/p>\n\n\n\n<p>Conduc\u00eda la unidad de motor del servicio de alquiler con n\u00famero econ\u00f3mico 87, afiliado al Frente Nacional Ind\u00edgena y Campesino (FNIC).<\/p>\n\n\n\n<p>La tarde de hoy en el municipio istme\u00f1o de Salina Cruz, fue ejecutado un individuo, identificado como Jhony Antonio F., de 40 a\u00f1os de edad, en la calle Ventosa del Barrio Nuevo; sujetos armados le dispararon de manera directa, tras lo cual huyeron.<\/p>\n\n\n\n<p>Mientras que la madrugada de hoy, en el municipio de San Miguel Soyaltepec, conocido tambi\u00e9n como Temascal, sujetos armados ingresaron a un bar y mataron a un individuo, identificado como Neftal\u00ed V. D., de 35 a\u00f1os de edad, originario de la misma poblaci\u00f3n de la regi\u00f3n Cuenca.<\/p>\n\n\n\n<p>En tanto otro crimen se registr\u00f3 en la Villa de Zaachila, cuyo cuerpo no ha sido identificado hasta el momento.<\/p>\n\n\n\n<p>Y una balacera se suscit\u00f3 esta noche en San Juan Bautista Tuxtepec, municipio de la regi\u00f3n Cuenca del Papaloapan, en una de las v\u00edas principales, el bulevar Plan de Tuxtepec.<\/p>\n\n\n\n<p>Presuntamente integrantes de un grupo armado a bordo de una camioneta atacaron a polic\u00edas, lo que origin\u00f3 el intercambio de balazos, con saldo preliminar de dos personas lesionadas y tres detenidas.<\/p>\n","protected":false},"excerpt":{"rendered":"<p>Ismael Garc\u00eda M.\/Zona Roja. Oaxaca de Ju\u00e1rez, Oax., a 5 de diciembre de 2022.- En&hellip;<\/p>\n","protected":false},"author":2,"featured_media":48912,"comment_status":"closed","ping_status":"open","sticky":false,"template":"","format":"standard","meta":{"_lmt_disableupdate":"","_lmt_disable":"","_jetpack_memberships_contains_paid_content":false,"footnotes":""},"categories":[109,51],"tags":[228],"class_list":["post-48910","post","type-post","status-publish","format-standard","has-post-thumbnail","hentry","category-minuto-a-minuto","category-zona-roja","tag-matias-romero-avendano"],"jetpack_featured_media_url":"https:\/\/zonaroja.com.mx\/wp-content\/uploads\/2022\/12\/Ejecutado-Salina-Cruz.jpg","jetpack_sharing_enabled":true,"_links":{"self":[{"href":"https:\/\/zonaroja.com.mx\/index.php?rest_route=\/wp\/v2\/posts\/48910","targetHints":{"allow":["GET"]}}],"collection":[{"href":"https:\/\/zonaroja.com.mx\/index.php?rest_route=\/wp\/v2\/posts"}],"about":[{"href":"https:\/\/zonaroja.com.mx\/index.php?rest_route=\/wp\/v2\/types\/post"}],"author":[{"embeddable":true,"href":"https:\/\/zonaroja.com.mx\/index.php?rest_route=\/wp\/v2\/users\/2"}],"replies":[{"embeddable":true,"href":"https:\/\/zonaroja.com.mx\/index.php?rest_route=%2Fwp%2Fv2%2Fcomments&post=48910"}],"version-history":[{"count":1,"href":"https:\/\/zonaroja.com.mx\/index.php?rest_route=\/wp\/v2\/posts\/48910\/revisions"}],"predecessor-version":[{"id":48913,"href":"https:\/\/zonaroja.com.mx\/index.php?rest_route=\/wp\/v2\/posts\/48910\/revisions\/48913"}],"wp:featuredmedia":[{"embeddable":true,"href":"https:\/\/zonaroja.com.mx\/index.php?rest_route=\/wp\/v2\/media\/48912"}],"wp:attachment":[{"href":"https:\/\/zonaroja.com.mx\/index.php?rest_route=%2Fwp%2Fv2%2Fmedia&parent=48910"}],"wp:term":[{"taxonomy":"category","embeddable":true,"href":"https:\/\/zonaroja.com.mx\/index.php?rest_route=%2Fwp%2Fv2%2Fcategories&post=48910"},{"taxonomy":"post_tag","embeddable":true,"href":"https:\/\/zonaroja.com.mx\/index.php?rest_route=%2Fwp%2Fv2%2Ftags&post=48910"}],"curies":[{"name":"wp","href":"https:\/\/api.w.org\/{rel}","templated":true}]}}