{"id":48917,"date":"2022-12-06T09:48:00","date_gmt":"2022-12-06T15:48:00","guid":{"rendered":"http:\/\/www.zonaroja.com.mx\/?p=48917"},"modified":"2022-12-06T06:49:25","modified_gmt":"2022-12-06T12:49:25","slug":"hongo-probable-causa-de-meningitis-que-ha-matado-a-22-en-durango","status":"publish","type":"post","link":"https:\/\/zonaroja.com.mx\/?p=48917","title":{"rendered":"Hongo, probable causa de meningitis que ha matado a 22 en Durango"},"content":{"rendered":"\n<p>Redacci\u00f3n\/Zona Roja Cdmx.<\/p>\n\n\n\n<p>Ciudad de M\u00e9xico, a 6 de diciembre de 2022.- A m\u00e1s de un mes de los primeros casos y tras 22 muertes y 71 pacientes, en su mayor\u00eda de mujeres, autoridades federales y estatales informaron que el hongo \u201cFusarium solano\u201d podr\u00eda se el responsable de la maningitis.<\/p>\n\n\n\n<p>No obstante, consideraron que este hongo tiene alta resistencia a los medicamentos disponibles, por lo que se prev\u00e9 que la tragedia pueda crecer.<\/p>\n\n\n\n<p>En tanto, la Fiscal\u00eda General del Estado emiti\u00f3 siete \u00f3rdenes de aprehensi\u00f3n contra due\u00f1os y administradores de cuatro hospitales privados de la capital de Durango que fueron clausurados.<\/p>\n\n\n\n<p>La semana pasada, el subsecretario de Prevenci\u00f3n y Promoci\u00f3n de la Salud, Hugo L\u00f3pez-Gatell, reconoci\u00f3 que el manejo cl\u00ednico de los pacientes es complejo, pues aunque logren mejor\u00eda cl\u00ednica, es decir, que desaparezcan los dolores de cabeza, el s\u00edntoma m\u00e1s frecuente, y otras molestias, no significa que el hongo se haya erradicado.<\/p>\n\n\n\n<p>Hasta ahora, la mayor\u00eda de afectados en Durango son mujeres que dieron a luz entre mayo y octubre.&nbsp;<\/p>\n\n\n\n<p>Informaci\u00f3n de la Secretar\u00eda de Salud menciona que en los casos de meningitis probablemente de origen mic\u00f3tico, los malestares m\u00e1s frecuentes son dolor de cabeza de dif\u00edcil control (93 por ciento, n\u00e1usea (44 por ciento), v\u00f3mito (36 por ciento), rigidez de nuca (33 por ciento), sensibilidad a la luz (29 por ciento) y fiebre (27 por ciento).<\/p>\n\n\n\n<p>Los pacientes m\u00e1s graves han tenido rompimiento de vasos sangu\u00edneos del cerebro, lo que de acuerdo con L\u00f3pez-Gatell, \u201censombrece el pron\u00f3stico\u201d. De ah\u00ed la importancia de que al iniciar los malestares, lo m\u00e1s pronto posible se administren los medicamentos antif\u00fangicos, dijo.<\/p>\n\n\n\n<p>La cifra de decesos por la enfermedad en la entidad se increment\u00f3 la noche del domingo al sumarse el fallecimiento de una mujer de 32 a\u00f1os.<\/p>\n\n\n\n<p>La titular de la FGE, Sonia Yadira de la Garza Fragoso, dio a conocer que se orden\u00f3 arrestar a propietarios y directivos de las cl\u00ednicas Del Parque, Sant\u00e9, San Carlos y Dickava.<\/p>\n\n\n\n<p>Destac\u00f3 que a la fecha se han realizado cateos en 13 domicilios buscando a los siete implicados, quienes no fueron hallados, por eso se les considera pr\u00f3fugos de la justicia y se solicit\u00f3 colaboraci\u00f3n a las autoridades judiciales de todo el pa\u00eds, a la Fiscal\u00eda General de la Rep\u00fablica, a la Interpol, al Instituto Nacional de Migraci\u00f3n y a la Secretar\u00eda de Relaciones Exteriores para su localizaci\u00f3n.<\/p>\n\n\n\n<p>(Con informaci\u00f3n de \u201cLa Jornada\u201d)<\/p>\n","protected":false},"excerpt":{"rendered":"<p>Redacci\u00f3n\/Zona Roja Cdmx. Ciudad de M\u00e9xico, a 6 de diciembre de 2022.- A m\u00e1s de&hellip;<\/p>\n","protected":false},"author":2,"featured_media":48085,"comment_status":"closed","ping_status":"open","sticky":false,"template":"","format":"standard","meta":{"_lmt_disableupdate":"","_lmt_disable":"","_jetpack_memberships_contains_paid_content":false,"footnotes":""},"categories":[109,47],"tags":[3316],"class_list":["post-48917","post","type-post","status-publish","format-standard","has-post-thumbnail","hentry","category-minuto-a-minuto","category-zona-gris","tag-meningitis-durango"],"jetpack_featured_media_url":"https:\/\/zonaroja.com.mx\/wp-content\/uploads\/2022\/11\/Salud-Durango-meningitis.jpeg","jetpack_sharing_enabled":true,"_links":{"self":[{"href":"https:\/\/zonaroja.com.mx\/index.php?rest_route=\/wp\/v2\/posts\/48917","targetHints":{"allow":["GET"]}}],"collection":[{"href":"https:\/\/zonaroja.com.mx\/index.php?rest_route=\/wp\/v2\/posts"}],"about":[{"href":"https:\/\/zonaroja.com.mx\/index.php?rest_route=\/wp\/v2\/types\/post"}],"author":[{"embeddable":true,"href":"https:\/\/zonaroja.com.mx\/index.php?rest_route=\/wp\/v2\/users\/2"}],"replies":[{"embeddable":true,"href":"https:\/\/zonaroja.com.mx\/index.php?rest_route=%2Fwp%2Fv2%2Fcomments&post=48917"}],"version-history":[{"count":1,"href":"https:\/\/zonaroja.com.mx\/index.php?rest_route=\/wp\/v2\/posts\/48917\/revisions"}],"predecessor-version":[{"id":48918,"href":"https:\/\/zonaroja.com.mx\/index.php?rest_route=\/wp\/v2\/posts\/48917\/revisions\/48918"}],"wp:featuredmedia":[{"embeddable":true,"href":"https:\/\/zonaroja.com.mx\/index.php?rest_route=\/wp\/v2\/media\/48085"}],"wp:attachment":[{"href":"https:\/\/zonaroja.com.mx\/index.php?rest_route=%2Fwp%2Fv2%2Fmedia&parent=48917"}],"wp:term":[{"taxonomy":"category","embeddable":true,"href":"https:\/\/zonaroja.com.mx\/index.php?rest_route=%2Fwp%2Fv2%2Fcategories&post=48917"},{"taxonomy":"post_tag","embeddable":true,"href":"https:\/\/zonaroja.com.mx\/index.php?rest_route=%2Fwp%2Fv2%2Ftags&post=48917"}],"curies":[{"name":"wp","href":"https:\/\/api.w.org\/{rel}","templated":true}]}}