{"id":4892,"date":"2019-10-16T22:15:25","date_gmt":"2019-10-17T03:15:25","guid":{"rendered":"http:\/\/www.zonaroja.com.mx\/?p=4892"},"modified":"2019-10-16T22:15:28","modified_gmt":"2019-10-17T03:15:28","slug":"cuarta-mujer-asesinada-en-tres-dias-ahora-en-emboscada-en-zona-mixe","status":"publish","type":"post","link":"https:\/\/zonaroja.com.mx\/?p=4892","title":{"rendered":"Cuarta mujer asesinada en tres d\u00edas, ahora en emboscada en zona Mixe"},"content":{"rendered":"\n<p>Ismael Garc\u00eda\/Zona Roja.<\/p>\n\n\n\n<p>Oaxaca de Ju\u00e1rez, Oax., 16 de octubre\nde 2019.- Una cuarta mujer fue asesinada en tres d\u00edas en Oaxaca. <\/p>\n\n\n\n<p>La noche de este martes, seg\u00fan\nconfirmaron fuentes del \u00e1rea de prensa de la Fiscal\u00eda General del Estado,\nocurri\u00f3 una emboscada en San Miguel Quetzaltepec, en la zona Mixe del estado,\nlo que dej\u00f3 como saldo dos personas muertas.<\/p>\n\n\n\n<p>Las v\u00edctimas fueron identificadas como\nCatalina R. J., de 48 a\u00f1os de edad, y M\u00e1ximo R. R., agredidos a balazos\npresuntamente por sus vecinos de San Juan Bosco Chuxnab\u00e1n, en la rancher\u00eda El\nZacatal.<\/p>\n\n\n\n<p>Con estos dos casos suman al menos\nsiete personas asesinadas a balazos, desde julio pasado, derivado del conflicto\nentre ambos pueblos.<\/p>\n\n\n\n<p>Los cuerpos fueron hallados en el punto\ntrino entre San Juan Cotzoc\u00f3n Mixe, San Miguel Quetzaltepec y Santa Mar\u00eda\nAlotepec.<\/p>\n\n\n\n<p>VIOLENCIA FEMINICIDA<\/p>\n\n\n\n<p>Del domingo al martes, ha ocurrido el\nasesinato de cuatro mujeres de manera violenta, en su mayor\u00eda por disparo de\narma de fuego.<\/p>\n\n\n\n<p>En los primeros minutos del domingo en\nun bar de Salina Cruz ocurri\u00f3 la masacre de cuatro personas, entre ellas una\nfemenina.<\/p>\n\n\n\n<p>El lunes por la ma\u00f1ana fue ultimada una\ncomerciante de pollos en un local ubicado en el centro de Pinotepa Nacional,\nmientras que su beb\u00e9 de cuatro meses recibi\u00f3 un roz\u00f3n de bala.<\/p>\n\n\n\n<p>Y ayer al mediod\u00eda en el municipio de\nSanta Cruz Xitla, Miahuatl\u00e1n, fue victimada otra mujer, con un arma blanca.<\/p>\n","protected":false},"excerpt":{"rendered":"<p>Ismael Garc\u00eda\/Zona Roja. Oaxaca de Ju\u00e1rez, Oax., 16 de octubre de 2019.- Una cuarta mujer&hellip;<\/p>\n","protected":false},"author":2,"featured_media":4893,"comment_status":"closed","ping_status":"open","sticky":false,"template":"","format":"standard","meta":{"_lmt_disableupdate":"","_lmt_disable":"","_jetpack_memberships_contains_paid_content":false,"footnotes":""},"categories":[109,51],"tags":[610,773,877],"class_list":["post-4892","post","type-post","status-publish","format-standard","has-post-thumbnail","hentry","category-minuto-a-minuto","category-zona-roja","tag-feminicidios-oaxaca","tag-san-juan-bosco-chuxnaban","tag-san-miguel-quetzaltepec"],"jetpack_featured_media_url":"https:\/\/zonaroja.com.mx\/wp-content\/uploads\/2019\/10\/Femin.jpg","jetpack_sharing_enabled":true,"_links":{"self":[{"href":"https:\/\/zonaroja.com.mx\/index.php?rest_route=\/wp\/v2\/posts\/4892","targetHints":{"allow":["GET"]}}],"collection":[{"href":"https:\/\/zonaroja.com.mx\/index.php?rest_route=\/wp\/v2\/posts"}],"about":[{"href":"https:\/\/zonaroja.com.mx\/index.php?rest_route=\/wp\/v2\/types\/post"}],"author":[{"embeddable":true,"href":"https:\/\/zonaroja.com.mx\/index.php?rest_route=\/wp\/v2\/users\/2"}],"replies":[{"embeddable":true,"href":"https:\/\/zonaroja.com.mx\/index.php?rest_route=%2Fwp%2Fv2%2Fcomments&post=4892"}],"version-history":[{"count":1,"href":"https:\/\/zonaroja.com.mx\/index.php?rest_route=\/wp\/v2\/posts\/4892\/revisions"}],"predecessor-version":[{"id":4894,"href":"https:\/\/zonaroja.com.mx\/index.php?rest_route=\/wp\/v2\/posts\/4892\/revisions\/4894"}],"wp:featuredmedia":[{"embeddable":true,"href":"https:\/\/zonaroja.com.mx\/index.php?rest_route=\/wp\/v2\/media\/4893"}],"wp:attachment":[{"href":"https:\/\/zonaroja.com.mx\/index.php?rest_route=%2Fwp%2Fv2%2Fmedia&parent=4892"}],"wp:term":[{"taxonomy":"category","embeddable":true,"href":"https:\/\/zonaroja.com.mx\/index.php?rest_route=%2Fwp%2Fv2%2Fcategories&post=4892"},{"taxonomy":"post_tag","embeddable":true,"href":"https:\/\/zonaroja.com.mx\/index.php?rest_route=%2Fwp%2Fv2%2Ftags&post=4892"}],"curies":[{"name":"wp","href":"https:\/\/api.w.org\/{rel}","templated":true}]}}