{"id":48921,"date":"2022-12-06T07:17:40","date_gmt":"2022-12-06T13:17:40","guid":{"rendered":"http:\/\/www.zonaroja.com.mx\/?p=48921"},"modified":"2022-12-06T07:17:41","modified_gmt":"2022-12-06T13:17:41","slug":"encarcelan-a-dos-mujeres-en-san-martin-peras-oaxaca-no-estaban-desaparecidas","status":"publish","type":"post","link":"https:\/\/zonaroja.com.mx\/?p=48921","title":{"rendered":"Encarcelan a dos mujeres en San Mart\u00edn Peras, Oaxaca; no estaban desaparecidas"},"content":{"rendered":"\n<p>Ismael Garc\u00eda M.\/Zona Roja. Foto: Cortes\u00eda<\/p>\n\n\n\n<p>Oaxaca de Ju\u00e1rez, Oax., a 6 de diciembre de 2022.- Dos mujeres, de las cuatro personas reportadas como desaparecidas, se encuentran encarceladas en San Mart\u00edn Peras, Oaxaca.<\/p>\n\n\n\n<p>Se trata de la esposa y la suegra del presidente municipal, Rom\u00e1n Ju\u00e1rez P\u00e9rez, y fueron privadas de su libertad desde la noche del s\u00e1bado, para exigir al edil convoque a elecciones municipales, adem\u00e1s de que dimita al cargo.<\/p>\n\n\n\n<p>El domingo por la ma\u00f1ana, en conferencia de prensa en la capital, el presidente denunci\u00f3 la desaparici\u00f3n o secuestro de Guadalupe Ortiz Salvador, de 78 a\u00f1os de edad; Marcelina Vega Ortiz, de 50 a\u00f1os; Diego Ju\u00e1rez Eulogio, de 11 a\u00f1os, y Yenifer Ju\u00e1rez Eulogio, de siete a\u00f1os.<\/p>\n\n\n\n<p>Se\u00f1al\u00f3 a Elpidio Ram\u00edrez Morales como responsable de estas desapariciones, que ayer se conform\u00f3 que las dos mujeres se encuentran encarceladas; no obstante, hasta el momento se desconoce el paradero de los dos menores de edad.<\/p>\n\n\n\n<p>Seg\u00fan declaraciones a medios informativos de la regi\u00f3n Mixteca, la suegra y la esposa del edil fueron encarceladas \u201ccomo medida de presi\u00f3n\u201d para que Rom\u00e1n Ju\u00e1rez emita la convocatoria para la elecci\u00f3n de autoridades, que se realiza por el r\u00e9gimen de Sistemas Normativos Ind\u00edgenas.<\/p>\n\n\n\n<p>Ram\u00edrez Morales rechaz\u00f3 los se\u00f1alamientos de desestabilizaci\u00f3n e insisti\u00f3 en que el presidente municipal ha incurrido en diversos actos de corrupci\u00f3n, por lo cual desde hace casi un a\u00f1o han exigido su destituci\u00f3n.<\/p>\n\n\n\n<p>Hasta el momento la Defensor\u00eda de los Derechos Humanos del Pueblo de Oaxaca no ha emitido ning\u00fan pronunciamiento al respecto. Tampoco el Gobierno del Estado ha efectuado alguna acci\u00f3n para rescatar a las mujeres y dar con el paradero de los dos menores.<\/p>\n","protected":false},"excerpt":{"rendered":"<p>Ismael Garc\u00eda M.\/Zona Roja. Foto: Cortes\u00eda Oaxaca de Ju\u00e1rez, Oax., a 6 de diciembre de&hellip;<\/p>\n","protected":false},"author":2,"featured_media":48922,"comment_status":"closed","ping_status":"open","sticky":false,"template":"","format":"standard","meta":{"_lmt_disableupdate":"","_lmt_disable":"","_jetpack_memberships_contains_paid_content":false,"footnotes":""},"categories":[109,47],"tags":[1872],"class_list":["post-48921","post","type-post","status-publish","format-standard","has-post-thumbnail","hentry","category-minuto-a-minuto","category-zona-gris","tag-san-martin-peras"],"jetpack_featured_media_url":"https:\/\/zonaroja.com.mx\/wp-content\/uploads\/2022\/12\/Encarceladas-San-Martin-Peras.jpeg","jetpack_sharing_enabled":true,"_links":{"self":[{"href":"https:\/\/zonaroja.com.mx\/index.php?rest_route=\/wp\/v2\/posts\/48921","targetHints":{"allow":["GET"]}}],"collection":[{"href":"https:\/\/zonaroja.com.mx\/index.php?rest_route=\/wp\/v2\/posts"}],"about":[{"href":"https:\/\/zonaroja.com.mx\/index.php?rest_route=\/wp\/v2\/types\/post"}],"author":[{"embeddable":true,"href":"https:\/\/zonaroja.com.mx\/index.php?rest_route=\/wp\/v2\/users\/2"}],"replies":[{"embeddable":true,"href":"https:\/\/zonaroja.com.mx\/index.php?rest_route=%2Fwp%2Fv2%2Fcomments&post=48921"}],"version-history":[{"count":1,"href":"https:\/\/zonaroja.com.mx\/index.php?rest_route=\/wp\/v2\/posts\/48921\/revisions"}],"predecessor-version":[{"id":48923,"href":"https:\/\/zonaroja.com.mx\/index.php?rest_route=\/wp\/v2\/posts\/48921\/revisions\/48923"}],"wp:featuredmedia":[{"embeddable":true,"href":"https:\/\/zonaroja.com.mx\/index.php?rest_route=\/wp\/v2\/media\/48922"}],"wp:attachment":[{"href":"https:\/\/zonaroja.com.mx\/index.php?rest_route=%2Fwp%2Fv2%2Fmedia&parent=48921"}],"wp:term":[{"taxonomy":"category","embeddable":true,"href":"https:\/\/zonaroja.com.mx\/index.php?rest_route=%2Fwp%2Fv2%2Fcategories&post=48921"},{"taxonomy":"post_tag","embeddable":true,"href":"https:\/\/zonaroja.com.mx\/index.php?rest_route=%2Fwp%2Fv2%2Ftags&post=48921"}],"curies":[{"name":"wp","href":"https:\/\/api.w.org\/{rel}","templated":true}]}}