{"id":48929,"date":"2022-12-07T08:50:00","date_gmt":"2022-12-07T14:50:00","guid":{"rendered":"http:\/\/www.zonaroja.com.mx\/?p=48929"},"modified":"2022-12-07T06:12:52","modified_gmt":"2022-12-07T12:12:52","slug":"aprobacion-del-trabajo-de-amlo-bajo-10-por-ciento-integralia","status":"publish","type":"post","link":"https:\/\/zonaroja.com.mx\/?p=48929","title":{"rendered":"Aprobaci\u00f3n del trabajo de AMLO baj\u00f3 10 por ciento: Integralia"},"content":{"rendered":"\n<p>Redacci\u00f3n\/Zona Roja Cdmx.<\/p>\n\n\n\n<p>Ciudad de M\u00e9xico, a 6 de diciembre de 2022.- El presidente Andr\u00e9s Manuel L\u00f3pez Obrador ha descendido 19 puntos en la aprobaci\u00f3n de su trabajo en sus primeros cuatro a\u00f1os de gobierno, su pol\u00edtica de protecci\u00f3n social, si bien es amplia, no ha disminuido la pobreza y la inversi\u00f3n p\u00fablica y privada han bajado con respecto del inicio de su gobierno, de acuerdo con el reporte Integralia.<\/p>\n\n\n\n<p>Los datos de la consultora, en el rubro pol\u00edtica y gobierno, reflejan que entre 2018 y 2022, el mandatario pas\u00f3 de una aprobaci\u00f3n en su trabajo de 79 a 60 por ciento.<\/p>\n\n\n\n<p>Adicionalmente, su gobierno ha llevado a M\u00e9xico a bajar en el ranking World Hapiness Report, pues M\u00e9xico pas\u00f3 del lugar 24 a 46 entre los 157 pa\u00edses que se miden.<\/p>\n\n\n\n<p>El Presidente ha ganado puntos en el sentimiento positivo a su favor en la conversaci\u00f3n en Twitter, en el n\u00famero de gubernaturas que ha ganado su partido y en la percepci\u00f3n de corrupci\u00f3n en el gobierno.<\/p>\n\n\n\n<p>En el sector econom\u00eda y finanzas, el gobierno obradorista presenta n\u00fameros favorables en ocupaci\u00f3n, salario y empleo, sobre todo por el aumento al salario m\u00ednimo.<\/p>\n\n\n\n<p>Sin embargo, tuvo una baja en el \u00edndice de competitividad, pues paso de media baja a baja, de entre 43 pa\u00edses que se miden. En el producto interno bruto e inflaci\u00f3n los n\u00fameros tambi\u00e9n son rojos.<\/p>\n\n\n\n<p>La inversi\u00f3n p\u00fablica y privada no tienen n\u00fameros favorables, pues en estos cuatro a\u00f1os hubo una variaci\u00f3n de -17.1 y -8.8, de acuerdo con datos de INEGI. Sin embargo s\u00ed hay un aumento de 15.8 por ciento en inversi\u00f3n extranjera directa, con base en datos de la Secretar\u00eda de Econom\u00eda.<\/p>\n\n\n\n<p>En el sector sociedad y desarrollo, si bien presenta datos favorables en protecci\u00f3n social, como con la pensi\u00f3n para adultos mayores, hay retrocesos en movilidad social, pues la evoluci\u00f3n de hogares que pasaron a ser clase media tuvo 9.6 puntos menos.<\/p>\n\n\n\n<p>La carencia por acceso a servicios de salud aument\u00f3 12 puntos entre 2018 y 2022.<\/p>\n\n\n\n<p>La pobreza en general tambi\u00e9n registr\u00f3 un aumento de dos puntos, de acuerdo a mediciones del Consejo Nacional de Evaluaci\u00f3n (Coneval).<\/p>\n\n\n\n<p>El reporte tambi\u00e9n cont\u00f3 el n\u00famero de movilizaciones, entre las que destacaron la de procuraci\u00f3n de justicia y demandas educativas, culturales y religiosas, con alzas de 104 y 40 por ciento, respectivamente.<\/p>\n\n\n\n<p>En el rubro de seguridad, justicia y derechos humanos se tiene un balance positivo en la mayor\u00eda de los indicadores, incluso el homicidio doloso, pero present\u00f3 n\u00fameros rojos en extorsi\u00f3n, con un aumento de 54 por ciento; narcomenudeo, con 42 por ciento y asesinato de periodistas, con 37 por ciento.<\/p>\n\n\n\n<p>(Informaci\u00f3n de \u201cEl Financiero\u201d)<\/p>\n","protected":false},"excerpt":{"rendered":"<p>Redacci\u00f3n\/Zona Roja Cdmx. Ciudad de M\u00e9xico, a 6 de diciembre de 2022.- El presidente Andr\u00e9s&hellip;<\/p>\n","protected":false},"author":2,"featured_media":37135,"comment_status":"closed","ping_status":"open","sticky":false,"template":"","format":"standard","meta":{"_lmt_disableupdate":"","_lmt_disable":"","_jetpack_memberships_contains_paid_content":false,"footnotes":""},"categories":[109,47],"tags":[143],"class_list":["post-48929","post","type-post","status-publish","format-standard","has-post-thumbnail","hentry","category-minuto-a-minuto","category-zona-gris","tag-andres-manuel-lopez-obrador"],"jetpack_featured_media_url":"https:\/\/zonaroja.com.mx\/wp-content\/uploads\/2022\/02\/Andres-Manuel-Lopez-Obrador.jpg","jetpack_sharing_enabled":true,"_links":{"self":[{"href":"https:\/\/zonaroja.com.mx\/index.php?rest_route=\/wp\/v2\/posts\/48929","targetHints":{"allow":["GET"]}}],"collection":[{"href":"https:\/\/zonaroja.com.mx\/index.php?rest_route=\/wp\/v2\/posts"}],"about":[{"href":"https:\/\/zonaroja.com.mx\/index.php?rest_route=\/wp\/v2\/types\/post"}],"author":[{"embeddable":true,"href":"https:\/\/zonaroja.com.mx\/index.php?rest_route=\/wp\/v2\/users\/2"}],"replies":[{"embeddable":true,"href":"https:\/\/zonaroja.com.mx\/index.php?rest_route=%2Fwp%2Fv2%2Fcomments&post=48929"}],"version-history":[{"count":1,"href":"https:\/\/zonaroja.com.mx\/index.php?rest_route=\/wp\/v2\/posts\/48929\/revisions"}],"predecessor-version":[{"id":48930,"href":"https:\/\/zonaroja.com.mx\/index.php?rest_route=\/wp\/v2\/posts\/48929\/revisions\/48930"}],"wp:featuredmedia":[{"embeddable":true,"href":"https:\/\/zonaroja.com.mx\/index.php?rest_route=\/wp\/v2\/media\/37135"}],"wp:attachment":[{"href":"https:\/\/zonaroja.com.mx\/index.php?rest_route=%2Fwp%2Fv2%2Fmedia&parent=48929"}],"wp:term":[{"taxonomy":"category","embeddable":true,"href":"https:\/\/zonaroja.com.mx\/index.php?rest_route=%2Fwp%2Fv2%2Fcategories&post=48929"},{"taxonomy":"post_tag","embeddable":true,"href":"https:\/\/zonaroja.com.mx\/index.php?rest_route=%2Fwp%2Fv2%2Ftags&post=48929"}],"curies":[{"name":"wp","href":"https:\/\/api.w.org\/{rel}","templated":true}]}}