{"id":48936,"date":"2022-12-06T15:06:29","date_gmt":"2022-12-06T21:06:29","guid":{"rendered":"http:\/\/www.zonaroja.com.mx\/?p=48936"},"modified":"2022-12-06T18:39:22","modified_gmt":"2022-12-07T00:39:22","slug":"el-desalojo-y-represion-es-de-conservadores-dice-amlo-sobre-caso-triquis-en-oaxaca","status":"publish","type":"post","link":"https:\/\/zonaroja.com.mx\/?p=48936","title":{"rendered":"\u201cEl desalojo y represi\u00f3n es de conservadores\u201d, dice AMLO sobre caso triquis en Oaxaca"},"content":{"rendered":"\n<p>Yuridiana Sosa\/Zona Roja.<\/p>\n\n\n\n<p>Oaxaca de Ju\u00e1rez, Oax., 6 de diciembre de 2022.- El presidente de M\u00e9xico, Andr\u00e9s Manuel L\u00f3pez Obrador, se pronunci\u00f3 sobre la acci\u00f3n de desalojo que realiz\u00f3 el gobierno de Salom\u00f3n Jara en Oaxaca contra familias de la etnia triqui instaladas en corredor del Palacio de Gobierno, sobre la cual no coincidi\u00f3.<\/p>\n\n\n\n<p>\u201cLo mejor es el di\u00e1logo\u2026no tienen por qu\u00e9 haber represi\u00f3n, desalojo, eso tiene que ver con los conservadores, no con nosotros\u201d, se\u00f1al\u00f3 el mandatario durante la conferencia matutina de este martes, luego de los hechos la madrugada del pasado viernes, en el segundo d\u00eda del nuevo gobierno estatal emanado de Morena.<\/p>\n\n\n\n<p>El mandatario mexicano expres\u00f3 asombro sobre los mensajes publicados por el sacerdote Alejandro Solalinde, activista y defensor de derechos humanos, con relaci\u00f3n a revelar el tipo de negociaciones que realizaban grupos representativos de los desplazados triquis detr\u00e1s del campamento que manten\u00eda desde hace 12 a\u00f1os.<\/p>\n\n\n\n<p>El mandatario ley\u00f3 las publicaciones del activista social, en la que Solalinde destac\u00f3: \u201cCuesta trabajo entender que un grupito, no un pueblo, ni una etnia como la Triqui, haya rechazado soluciones y acuerdos que ya hab\u00edamos construido, para optar por la extorsi\u00f3n y vivir del dinero de esas d\u00e1divas\u2026 Quieren dinero, no soluci\u00f3n\u201d.<\/p>\n\n\n\n<p>\u201cEst\u00e1 fuerte, pero tambi\u00e9n ya, es momento de ventilar todo\u201d, dijo el Presidente, quien enseguida aclar\u00f3 que eso no significa realizar actos contra las comunidades ind\u00edgenas.<\/p>\n\n\n\n<p>\u201cEso no significa para nada, afectar a ninguna cultura, a ninguna etnia, merecen nuestro respeto y sobre las paces\u201d, recalc\u00f3.<\/p>\n\n\n\n<p>El pasado 2 de diciembre, como primera acci\u00f3n de gobierno a cargo de Salom\u00f3n Jara Cruz, la Polic\u00eda Estatal, Municipal de Oaxaca de Ju\u00e1rez y trabajadores del ayuntamiento capitalino realizaron el desalojo de las familias desplazadas de San Juan Copala, radicadas desde el 2010 en ese sitio al no existir garant\u00edas de seguridad para el retorno a su comunidad. &nbsp;<\/p>\n\n\n\n<figure class=\"wp-block-embed is-type-rich is-provider-twitter wp-block-embed-twitter\"><div class=\"wp-block-embed__wrapper\">\n<div class=\"twitter-tweet\"><blockquote class=\"twitter-tweet\" data-lang=\"es\"><p lang=\"es\" dir=\"ltr\"><a href=\"https:\/\/twitter.com\/hashtag\/%C3%9AltimoMinuto?src=hash&amp;ref_src=twsrc%5Etfw\">#\u00daltimoMinuto<\/a> <br>\u201cCuesta trabajo entender que un grupito, no un pueblo, ni una etnia, como la Triqui, haya rechazado soluciones y acuerdos que ya hab\u00edamos construido\u201d, dijo hoy el Presidente <a href=\"https:\/\/twitter.com\/lopezobrador_?ref_src=twsrc%5Etfw\">@lopezobrador_<\/a>, al defender el desalojo del corredor del Palacio de Gobierno de Oaxaca. <a href=\"https:\/\/t.co\/5nqSGQspAt\">pic.twitter.com\/5nqSGQspAt<\/a><\/p>&mdash; Zona Roja Oaxaca (@ZonaRoja_Oaxaca) <a href=\"https:\/\/twitter.com\/ZonaRoja_Oaxaca\/status\/1600188609868464130?ref_src=twsrc%5Etfw\">6 de diciembre de 2022<\/a><\/blockquote><\/div>\n<\/div><\/figure>\n","protected":false},"excerpt":{"rendered":"<p>Yuridiana Sosa\/Zona Roja. Oaxaca de Ju\u00e1rez, Oax., 6 de diciembre de 2022.- El presidente de&hellip;<\/p>\n","protected":false},"author":2,"featured_media":48937,"comment_status":"closed","ping_status":"open","sticky":false,"template":"","format":"standard","meta":{"_lmt_disableupdate":"","_lmt_disable":"","_jetpack_memberships_contains_paid_content":false,"footnotes":""},"categories":[109,47],"tags":[143,2028],"class_list":["post-48936","post","type-post","status-publish","format-standard","has-post-thumbnail","hentry","category-minuto-a-minuto","category-zona-gris","tag-andres-manuel-lopez-obrador","tag-san-juan-copala"],"jetpack_featured_media_url":"https:\/\/zonaroja.com.mx\/wp-content\/uploads\/2022\/12\/Conferencia-de-Prensa-Andres-Manuel-Lopez-Obrador.jpeg","jetpack_sharing_enabled":true,"_links":{"self":[{"href":"https:\/\/zonaroja.com.mx\/index.php?rest_route=\/wp\/v2\/posts\/48936","targetHints":{"allow":["GET"]}}],"collection":[{"href":"https:\/\/zonaroja.com.mx\/index.php?rest_route=\/wp\/v2\/posts"}],"about":[{"href":"https:\/\/zonaroja.com.mx\/index.php?rest_route=\/wp\/v2\/types\/post"}],"author":[{"embeddable":true,"href":"https:\/\/zonaroja.com.mx\/index.php?rest_route=\/wp\/v2\/users\/2"}],"replies":[{"embeddable":true,"href":"https:\/\/zonaroja.com.mx\/index.php?rest_route=%2Fwp%2Fv2%2Fcomments&post=48936"}],"version-history":[{"count":2,"href":"https:\/\/zonaroja.com.mx\/index.php?rest_route=\/wp\/v2\/posts\/48936\/revisions"}],"predecessor-version":[{"id":48949,"href":"https:\/\/zonaroja.com.mx\/index.php?rest_route=\/wp\/v2\/posts\/48936\/revisions\/48949"}],"wp:featuredmedia":[{"embeddable":true,"href":"https:\/\/zonaroja.com.mx\/index.php?rest_route=\/wp\/v2\/media\/48937"}],"wp:attachment":[{"href":"https:\/\/zonaroja.com.mx\/index.php?rest_route=%2Fwp%2Fv2%2Fmedia&parent=48936"}],"wp:term":[{"taxonomy":"category","embeddable":true,"href":"https:\/\/zonaroja.com.mx\/index.php?rest_route=%2Fwp%2Fv2%2Fcategories&post=48936"},{"taxonomy":"post_tag","embeddable":true,"href":"https:\/\/zonaroja.com.mx\/index.php?rest_route=%2Fwp%2Fv2%2Ftags&post=48936"}],"curies":[{"name":"wp","href":"https:\/\/api.w.org\/{rel}","templated":true}]}}