{"id":48939,"date":"2022-12-06T15:10:44","date_gmt":"2022-12-06T21:10:44","guid":{"rendered":"http:\/\/www.zonaroja.com.mx\/?p=48939"},"modified":"2022-12-06T15:10:46","modified_gmt":"2022-12-06T21:10:46","slug":"asesora-secretaria-del-trabajo-a-violenta-organizacion-14-de-junio-actores-de-despojo","status":"publish","type":"post","link":"https:\/\/zonaroja.com.mx\/?p=48939","title":{"rendered":"Asesora secretaria del Trabajo a violenta organizaci\u00f3n \u201c14 de Junio\u201d, actores de despojo"},"content":{"rendered":"\n<p>Yuridiana Sosa\/Zona Roja.<\/p>\n\n\n\n<p>Oaxaca de Ju\u00e1rez, Oax., 6 de diciembre de 2022.- Con armas de alto calibre y a golpes, la organizaci\u00f3n Frente Popular \u201c14 de Junio\u201d, que asesora y defiende la secretaria del Trabajo de Oaxaca, Edith Santib\u00e1\u00f1ez Boh\u00f3rquez, trat\u00f3 de despojar de un predio a una familia en Santa Cruz Xoxocotl\u00e1n.<\/p>\n\n\n\n<p>La familia afectada, representada por Paola Quero como una de las v\u00edctimas de los hechos violentos, dio a conocer en conferencia de prensa que este lunes un numeroso grupo de integrantes la organizaci\u00f3n liderada por Francisco Mart\u00ednez S\u00e1nchez, alias \u201cDon Panchito\u201d, los agredi\u00f3 cuando llegaron al terreno luego de ganar varios litigios que confirman la posesi\u00f3n.<\/p>\n\n\n\n<p>En diciembre de 2018 la organizaci\u00f3n se apoder\u00f3 de un terreno de casi ocho mil metros cuadrados, por lo que iniciaron un proceso legal que ganaron, por lo que se hicieron presente para recuperarlo, pero fueron perseguidos por hombres armados, quienes los golpearon y amenazaron de muerte para que abandonen el predio y el caso legal.<\/p>\n\n\n\n<p>Durante el ataque adem\u00e1s de los da\u00f1os a los integrantes de la familia Quero, tambi\u00e9n destrozaron el veh\u00edculo en que viajaban y afectaron el inmueble de un particular donde intentaron resguardarse de la persecuci\u00f3n.<\/p>\n\n\n\n<p>Los afectados lamentaron que el gobernador Salom\u00f3n Jara haya designado como funcionarios a la defensora de \u201cDon Panchito\u201d Edith Santib\u00e1\u00f1ez y al ex edil de Santa Cruz Xoxocotl\u00e1n, Alejandro L\u00f3pez Jarqu\u00edn, quien nunca atendi\u00f3 la petici\u00f3n de la familia para ayudarles con el problema.<\/p>\n\n\n\n<figure class=\"wp-block-embed is-type-rich is-provider-twitter wp-block-embed-twitter\"><div class=\"wp-block-embed__wrapper\">\n<div class=\"twitter-tweet\"><blockquote class=\"twitter-tweet\" data-lang=\"es\"><p lang=\"es\" dir=\"ltr\"><a href=\"https:\/\/twitter.com\/hashtag\/ENVIVO?src=hash&amp;ref_src=twsrc%5Etfw\">#ENVIVO<\/a><br>Una familia de Santa Cruz Xoxocotl\u00e1n denuncia que, al pretender recuperar su predio, fueron golpeados y amenazados por integrantes del Frente Popular \u201c14 de Junio\u201d, adem\u00e1s de robarles dinero y celulares y da\u00f1ar un veh\u00edculo. <br>Aqu\u00ed la transmisi\u00f3n \ud83d\udc47<a href=\"https:\/\/t.co\/0YJSs2SlVs\">https:\/\/t.co\/0YJSs2SlVs<\/a> <a href=\"https:\/\/t.co\/bPdBOEzHBE\">pic.twitter.com\/bPdBOEzHBE<\/a><\/p>&mdash; Zona Roja Oaxaca (@ZonaRoja_Oaxaca) <a href=\"https:\/\/twitter.com\/ZonaRoja_Oaxaca\/status\/1600181302648401920?ref_src=twsrc%5Etfw\">6 de diciembre de 2022<\/a><\/blockquote><\/div>\n<\/div><\/figure>\n\n\n\n<p>En tanto, la Secretar\u00eda de Gobierno de Oaxaca recibi\u00f3 la actual denuncia, con la promesa de revisar el caso, mientras que la familia present\u00f3 de manera formal su denuncia ante la Fiscal\u00eda General de Oaxaca.<\/p>\n\n\n\n<p>LA SECRETARIA<\/p>\n\n\n\n<p>El pasado 20 de septiembre, Edith Santib\u00e1\u00f1ez como abogada de Francisco J. M. estuvo acusado del delito de homicidio, hijo de \u201cdon Panchinto\u201d, encabez\u00f3 una manifestaci\u00f3n en el el acceso al Centro de Reinserci\u00f3n Social ubicado en San Francisco Tanivet, Tlacolula, para exigir la liberaci\u00f3n de su cliente.<\/p>\n\n\n\n<p>El detenido, tambi\u00e9n acusado de despojo, es considerado por la activista como un \u201cpreso pol\u00edtico\u201d, &nbsp;por lo que debe ser liberado.<\/p>\n\n\n\n<p>Entre otra de las protestas recientes que ha liderado se cuenta la del apoyo a los comuneros de Tilzapote, con quienes &nbsp;en una ocasi\u00f3n cerr\u00f3 la carretera para impedir el paso de la caravana que acompa\u00f1a al Presidente Andr\u00e9s Manuel L\u00f3pez Obrador,en su visita al estado.<\/p>\n\n\n\n<p>Este tipo de casos forman parte de la trayectoria de la nueva secretaria del gobierno estatal, quien tambi\u00e9n se ha desempe\u00f1ado como abogada de diversos grupos y fungi\u00f3 como secretaria de Asuntos Jur\u00eddicos de la Secci\u00f3n 22 del SNTE, en la que participa desde hace m\u00e1s de 20 a\u00f1os.<\/p>\n","protected":false},"excerpt":{"rendered":"<p>Yuridiana Sosa\/Zona Roja. Oaxaca de Ju\u00e1rez, Oax., 6 de diciembre de 2022.- Con armas de&hellip;<\/p>\n","protected":false},"author":2,"featured_media":48940,"comment_status":"closed","ping_status":"open","sticky":false,"template":"","format":"standard","meta":{"_lmt_disableupdate":"","_lmt_disable":"","_jetpack_memberships_contains_paid_content":false,"footnotes":""},"categories":[109,47],"tags":[2018],"class_list":["post-48939","post","type-post","status-publish","format-standard","has-post-thumbnail","hentry","category-minuto-a-minuto","category-zona-gris","tag-frente-popular-14-de-junio-oaxaca"],"jetpack_featured_media_url":"https:\/\/zonaroja.com.mx\/wp-content\/uploads\/2022\/12\/Xoxocotlan-14-de-Junio-Don-Panchito.jpg","jetpack_sharing_enabled":true,"_links":{"self":[{"href":"https:\/\/zonaroja.com.mx\/index.php?rest_route=\/wp\/v2\/posts\/48939","targetHints":{"allow":["GET"]}}],"collection":[{"href":"https:\/\/zonaroja.com.mx\/index.php?rest_route=\/wp\/v2\/posts"}],"about":[{"href":"https:\/\/zonaroja.com.mx\/index.php?rest_route=\/wp\/v2\/types\/post"}],"author":[{"embeddable":true,"href":"https:\/\/zonaroja.com.mx\/index.php?rest_route=\/wp\/v2\/users\/2"}],"replies":[{"embeddable":true,"href":"https:\/\/zonaroja.com.mx\/index.php?rest_route=%2Fwp%2Fv2%2Fcomments&post=48939"}],"version-history":[{"count":1,"href":"https:\/\/zonaroja.com.mx\/index.php?rest_route=\/wp\/v2\/posts\/48939\/revisions"}],"predecessor-version":[{"id":48941,"href":"https:\/\/zonaroja.com.mx\/index.php?rest_route=\/wp\/v2\/posts\/48939\/revisions\/48941"}],"wp:featuredmedia":[{"embeddable":true,"href":"https:\/\/zonaroja.com.mx\/index.php?rest_route=\/wp\/v2\/media\/48940"}],"wp:attachment":[{"href":"https:\/\/zonaroja.com.mx\/index.php?rest_route=%2Fwp%2Fv2%2Fmedia&parent=48939"}],"wp:term":[{"taxonomy":"category","embeddable":true,"href":"https:\/\/zonaroja.com.mx\/index.php?rest_route=%2Fwp%2Fv2%2Fcategories&post=48939"},{"taxonomy":"post_tag","embeddable":true,"href":"https:\/\/zonaroja.com.mx\/index.php?rest_route=%2Fwp%2Fv2%2Ftags&post=48939"}],"curies":[{"name":"wp","href":"https:\/\/api.w.org\/{rel}","templated":true}]}}