{"id":48945,"date":"2022-12-06T18:32:56","date_gmt":"2022-12-07T00:32:56","guid":{"rendered":"http:\/\/www.zonaroja.com.mx\/?p=48945"},"modified":"2022-12-06T18:32:58","modified_gmt":"2022-12-07T00:32:58","slug":"asesina-a-otra-mujer-en-oaxaca-segundo-feminicidio-en-gobierno-de-jara-cruz","status":"publish","type":"post","link":"https:\/\/zonaroja.com.mx\/?p=48945","title":{"rendered":"Asesina a otra mujer en Oaxaca; segundo feminicidio en gobierno de Jara Cruz"},"content":{"rendered":"\n<p>Ismael Garc\u00eda M.\/Zona Roja.<\/p>\n\n\n\n<p>Oaxaca de Ju\u00e1rez, Oax., a 6 de diciembre de 2022.- En menos de una semana, una segunda mujer fue asesinado por disparo de arma de fuego en el estado de Oaxaca.<\/p>\n\n\n\n<p>El segundo feminicidio en el sexenio del morenista Salom\u00f3n Jara Cruz ocurri\u00f3 en el municipio de Mat\u00edas Romero Avenda\u00f1o, gobernado por otra morenista, la edil Obdulia Garc\u00eda.&nbsp;<\/p>\n\n\n\n<p>El crimen ocurri\u00f3 anoche poco despu\u00e9s de las 21:00 horas en el&nbsp; camino de terracer\u00eda que comunica de Mat\u00edas Romero a la comunidad de Barrancones.<\/p>\n\n\n\n<p>Ah\u00ed fue descubierto el cuerpo sin vida de una persona del sexo femenino de aproximadamente 30 a\u00f1os de edad, hasta el momento registrado como \u00abN N\u201d.<\/p>\n\n\n\n<p>Presenta varios impactos de arma de fuego, al menos cuatro de ellos en diversas partes del cuerpo; las autoridades periciales recogieron al menos seis indicios bal\u00edsticos calibre nueve mil\u00edmetros.<\/p>\n\n\n\n<p>La femenina viste una camisa manga larga a cuadro de color rojo con negro, pantal\u00f3n negro tipo overol; en la cara anterior del antebrazo derecho tiene tatuaje con la figura de una flor y el nombre de Antonia.<\/p>\n\n\n\n<p>Personal de la Vicefiscal\u00eda Regional del Istmo inici\u00f3 las indagatorias bajo los protocolos de feminicidio.<\/p>\n\n\n\n<p>Cabe recordar que apenas el pasado 2 de diciembre, fue asesinada una mujer, junto con su pareja, en el municipio de San Gabriel, regi\u00f3n de la Costa.<\/p>\n\n\n\n<p>Por otra parte, el cuerpo sin vida de una persona del sexo masculino fue localizada este martes, en Santo Domingo Tehuantepec, l\u00edmites con San Blas Atempa.<\/p>\n\n\n\n<p>Fue en lecho del r\u00edo \u201cTehuantepec\u201d en que familiares relataron el cuerpo del hombre que identificaron como Enrique G. V., de 49 a\u00f1os de edad, quien al parecer ten\u00eda tres d\u00edas de desaparecido.<\/p>\n","protected":false},"excerpt":{"rendered":"<p>Ismael Garc\u00eda M.\/Zona Roja. Oaxaca de Ju\u00e1rez, Oax., a 6 de diciembre de 2022.- En&hellip;<\/p>\n","protected":false},"author":2,"featured_media":34293,"comment_status":"closed","ping_status":"open","sticky":false,"template":"","format":"standard","meta":{"_lmt_disableupdate":"","_lmt_disable":"","_jetpack_memberships_contains_paid_content":false,"footnotes":""},"categories":[109,51],"tags":[228],"class_list":["post-48945","post","type-post","status-publish","format-standard","has-post-thumbnail","hentry","category-minuto-a-minuto","category-zona-roja","tag-matias-romero-avendano"],"jetpack_featured_media_url":"https:\/\/zonaroja.com.mx\/wp-content\/uploads\/2021\/11\/Mujer-asesinada-feminicidio-violencia-2.jpg","jetpack_sharing_enabled":true,"_links":{"self":[{"href":"https:\/\/zonaroja.com.mx\/index.php?rest_route=\/wp\/v2\/posts\/48945","targetHints":{"allow":["GET"]}}],"collection":[{"href":"https:\/\/zonaroja.com.mx\/index.php?rest_route=\/wp\/v2\/posts"}],"about":[{"href":"https:\/\/zonaroja.com.mx\/index.php?rest_route=\/wp\/v2\/types\/post"}],"author":[{"embeddable":true,"href":"https:\/\/zonaroja.com.mx\/index.php?rest_route=\/wp\/v2\/users\/2"}],"replies":[{"embeddable":true,"href":"https:\/\/zonaroja.com.mx\/index.php?rest_route=%2Fwp%2Fv2%2Fcomments&post=48945"}],"version-history":[{"count":1,"href":"https:\/\/zonaroja.com.mx\/index.php?rest_route=\/wp\/v2\/posts\/48945\/revisions"}],"predecessor-version":[{"id":48946,"href":"https:\/\/zonaroja.com.mx\/index.php?rest_route=\/wp\/v2\/posts\/48945\/revisions\/48946"}],"wp:featuredmedia":[{"embeddable":true,"href":"https:\/\/zonaroja.com.mx\/index.php?rest_route=\/wp\/v2\/media\/34293"}],"wp:attachment":[{"href":"https:\/\/zonaroja.com.mx\/index.php?rest_route=%2Fwp%2Fv2%2Fmedia&parent=48945"}],"wp:term":[{"taxonomy":"category","embeddable":true,"href":"https:\/\/zonaroja.com.mx\/index.php?rest_route=%2Fwp%2Fv2%2Fcategories&post=48945"},{"taxonomy":"post_tag","embeddable":true,"href":"https:\/\/zonaroja.com.mx\/index.php?rest_route=%2Fwp%2Fv2%2Ftags&post=48945"}],"curies":[{"name":"wp","href":"https:\/\/api.w.org\/{rel}","templated":true}]}}