{"id":4895,"date":"2019-10-16T22:40:44","date_gmt":"2019-10-17T03:40:44","guid":{"rendered":"http:\/\/www.zonaroja.com.mx\/?p=4895"},"modified":"2019-10-16T22:40:47","modified_gmt":"2019-10-17T03:40:47","slug":"ante-nulos-resultados-cambian-mando-de-guardia-nacional-en-oaxaca","status":"publish","type":"post","link":"https:\/\/zonaroja.com.mx\/?p=4895","title":{"rendered":"Ante nulos resultados, cambian mando de Guardia Nacional en Oaxaca"},"content":{"rendered":"\n<p>Redacci\u00f3n\/Zona Roja.<\/p>\n\n\n\n<p>Oaxaca de Ju\u00e1rez, Oax., 16 de octubre\nde 2019.- Ante los nulos resultados de la Guardia Nacional en Oaxaca, este\nmi\u00e9rcoles fue relevado el responsable de esa corporaci\u00f3n en la entidad.<\/p>\n\n\n\n<p>En la explanada del Sexto Regimiento de\nArtiller\u00eda Militar ubicada en las instalaciones de la XXVIII Zona Militar, en\nSanta Mar\u00eda Ixcotel, Santa Luc\u00eda del Camino, fue presentado el comandante de la\nOctava Brigada de la Polic\u00eda Militar, Rogelio Garc\u00eda P\u00e9rez, en reemplazo del\ngeneral Mart\u00edn Jim\u00e9nez Olvera.<\/p>\n\n\n\n<p>Al acto acudieron titulares de los\npoderes Ejecutivo, Legislativo y Judicial, as\u00ed como el comandante de la XXVIII\nZona Militar, Jaime Gonz\u00e1lez \u00c1valos, quien fue el encargado de tomar la\nprotesta de ley, otorgar la posesi\u00f3n del cargo y la toma de bandera al nuevo\ncomandante castrense, durante la Ceremonia de Ordenanza en la que estuvieron\npresentes generales, jefes y tropa.<\/p>\n\n\n\n<p>El gobernador Alejandro Murat opin\u00f3 que\nesta designaci\u00f3n vendr\u00e1 a robustecer la coordinaci\u00f3n de estrategias y tareas de\nseguridad en el estado, por lo que mostr\u00f3 su benepl\u00e1cito al respecto de que\nGarc\u00eda P\u00e9rez est\u00e9 al frente de este cuerpo de seguridad.<\/p>\n\n\n\n<p>\u201cAl contar con una nueva comandancia para la entidad, las y los oaxaque\u00f1os nos congratulamos de tener el respaldo de militares con brillante formaci\u00f3n y probada lealtad a M\u00e9xico y a sus instituciones\u201d, expres\u00f3.<\/p>\n\n\n\n<figure class=\"wp-block-image\"><img decoding=\"async\" width=\"1024\" height=\"682\" src=\"http:\/\/www.zonaroja.com.mx\/wp-content\/uploads\/2019\/10\/AMH-SEDENA-1-1024x682.jpg\" alt=\"\" class=\"wp-image-4897\" srcset=\"https:\/\/zonaroja.com.mx\/wp-content\/uploads\/2019\/10\/AMH-SEDENA-1-1024x682.jpg 1024w, https:\/\/zonaroja.com.mx\/wp-content\/uploads\/2019\/10\/AMH-SEDENA-1-300x200.jpg 300w, https:\/\/zonaroja.com.mx\/wp-content\/uploads\/2019\/10\/AMH-SEDENA-1-768x512.jpg 768w, https:\/\/zonaroja.com.mx\/wp-content\/uploads\/2019\/10\/AMH-SEDENA-1-1170x780.jpg 1170w, https:\/\/zonaroja.com.mx\/wp-content\/uploads\/2019\/10\/AMH-SEDENA-1-585x390.jpg 585w, https:\/\/zonaroja.com.mx\/wp-content\/uploads\/2019\/10\/AMH-SEDENA-1-263x175.jpg 263w, https:\/\/zonaroja.com.mx\/wp-content\/uploads\/2019\/10\/AMH-SEDENA-1.jpg 1280w\" sizes=\"(max-width: 1024px) 100vw, 1024px\" \/><\/figure>\n","protected":false},"excerpt":{"rendered":"<p>Redacci\u00f3n\/Zona Roja. Oaxaca de Ju\u00e1rez, Oax., 16 de octubre de 2019.- Ante los nulos resultados&hellip;<\/p>\n","protected":false},"author":2,"featured_media":4896,"comment_status":"closed","ping_status":"open","sticky":false,"template":"","format":"standard","meta":{"_lmt_disableupdate":"","_lmt_disable":"","_jetpack_memberships_contains_paid_content":false,"footnotes":""},"categories":[109,47],"tags":[774,878],"class_list":["post-4895","post","type-post","status-publish","format-standard","has-post-thumbnail","hentry","category-minuto-a-minuto","category-zona-gris","tag-guardia-nacional-oaxaca","tag-rogelio-garcia-perez"],"jetpack_featured_media_url":"https:\/\/zonaroja.com.mx\/wp-content\/uploads\/2019\/10\/AMH-SEDENA-2.jpg","jetpack_sharing_enabled":true,"_links":{"self":[{"href":"https:\/\/zonaroja.com.mx\/index.php?rest_route=\/wp\/v2\/posts\/4895","targetHints":{"allow":["GET"]}}],"collection":[{"href":"https:\/\/zonaroja.com.mx\/index.php?rest_route=\/wp\/v2\/posts"}],"about":[{"href":"https:\/\/zonaroja.com.mx\/index.php?rest_route=\/wp\/v2\/types\/post"}],"author":[{"embeddable":true,"href":"https:\/\/zonaroja.com.mx\/index.php?rest_route=\/wp\/v2\/users\/2"}],"replies":[{"embeddable":true,"href":"https:\/\/zonaroja.com.mx\/index.php?rest_route=%2Fwp%2Fv2%2Fcomments&post=4895"}],"version-history":[{"count":1,"href":"https:\/\/zonaroja.com.mx\/index.php?rest_route=\/wp\/v2\/posts\/4895\/revisions"}],"predecessor-version":[{"id":4898,"href":"https:\/\/zonaroja.com.mx\/index.php?rest_route=\/wp\/v2\/posts\/4895\/revisions\/4898"}],"wp:featuredmedia":[{"embeddable":true,"href":"https:\/\/zonaroja.com.mx\/index.php?rest_route=\/wp\/v2\/media\/4896"}],"wp:attachment":[{"href":"https:\/\/zonaroja.com.mx\/index.php?rest_route=%2Fwp%2Fv2%2Fmedia&parent=4895"}],"wp:term":[{"taxonomy":"category","embeddable":true,"href":"https:\/\/zonaroja.com.mx\/index.php?rest_route=%2Fwp%2Fv2%2Fcategories&post=4895"},{"taxonomy":"post_tag","embeddable":true,"href":"https:\/\/zonaroja.com.mx\/index.php?rest_route=%2Fwp%2Fv2%2Ftags&post=4895"}],"curies":[{"name":"wp","href":"https:\/\/api.w.org\/{rel}","templated":true}]}}