{"id":48950,"date":"2022-12-06T20:24:25","date_gmt":"2022-12-07T02:24:25","guid":{"rendered":"http:\/\/www.zonaroja.com.mx\/?p=48950"},"modified":"2022-12-06T20:24:27","modified_gmt":"2022-12-07T02:24:27","slug":"cumplen-12-dias-dos-personas-retenidas-en-comunidad-de-la-sierra-de-oaxaca","status":"publish","type":"post","link":"https:\/\/zonaroja.com.mx\/?p=48950","title":{"rendered":"Cumplen 12 d\u00edas dos personas retenidas en comunidad de la sierra de Oaxaca"},"content":{"rendered":"\n<p>Redacci\u00f3n\/Zona Roja.<\/p>\n\n\n\n<p>Oaxaca de Ju\u00e1rez, Oax., 6 de diciembre del 2022.- Dos personas cumplieron 12 d\u00edas de retenci\u00f3n en San Andr\u00e9s Yaa, municipio de la regi\u00f3n Sierra Ju\u00e1rez de Oaxaca.<\/p>\n\n\n\n<p>As\u00ed lo confirm\u00f3 el Gobierno del Estado, quien inform\u00f3 que personal de la Secretar\u00eda de Gobierno dialoga con autoridades municipales, para liberar a dos personas.<\/p>\n\n\n\n<p>En un comunicado, expuso \u201cque el anterior gobierno no logr\u00f3 la libertad del par de ciudadanos que tuvieron el cargo de autoridades municipales. Hemos avanzado en un di\u00e1logo, este conflicto fue heredado por el anterior gobierno y buscamos sean liberadas en las pr\u00f3ximas horas\u201d, agreg\u00f3.<\/p>\n\n\n\n<p>CASO PERAS<\/p>\n\n\n\n<p>Respecto a las personas retenidas en el municipio de San Mart\u00edn Peras, expuso que se instalaron los puentes de di\u00e1logo con los inconformes.<\/p>\n\n\n\n<p>La administraci\u00f3n estatal detall\u00f3 que, de acuerdo con el reporte de la Secretar\u00eda de Seguridad P\u00fablica y Protecci\u00f3n Ciudadana, la persona retenida es Marcelina Vega Ortiz, de 50 a\u00f1os de edad, c\u00f3nyuge del presidente municipal, Rom\u00e1n Ju\u00e1rez P\u00e9rez, mientras que Guadalupe Ortiz Salvador, de 78 a\u00f1os de edad, &#8211;quien supuestamente tambi\u00e9n estaba retenida&#8211;, \u201cconfirm\u00f3 que permanece en el lugar voluntariamente para acompa\u00f1ar a su nuera\u201d.<\/p>\n\n\n\n<p>Mientras que los menores de edad, D. J. E., de 11 a\u00f1os, y Y. J. E., de siete a\u00f1os, se encuentran bajo el resguardo de un hermano de la v\u00edctima. Precis\u00f3 que el tema no est\u00e1 vinculado a ning\u00fan tipo de acci\u00f3n de delincuencia.<\/p>\n\n\n\n<p>Agreg\u00f3 que personal de la Defensor\u00eda de los Derechos Humano certific\u00f3 que las dos mujeres est\u00e1n en buenas condiciones de salud, que no han sido agredidas y reciben sus alimentos.<\/p>\n\n\n\n<p>SAN MATEO<\/p>\n\n\n\n<p>Con respecto a la problem\u00e1tica de San Mateo R\u00edo Hondo, el gobierno inform\u00f3 que desde hace tres meses ha habido un conflicto postelectoral, que ha generado bloqueos hasta por siete d\u00edas.<\/p>\n\n\n\n<p>\u201cUn tema que corresponde al \u00e1mbito del Congreso del Estado de Oaxaca, porque es el \u00fanico facultado para determinar la solicitud de un grupo de ciudadanos que ha utilizado el bloqueo como m\u00e9todo de presi\u00f3n a las y los diputados para desaparecer poderes o la revocaci\u00f3n de mandato\u201d.<\/p>\n\n\n\n<p>A\u00f1adi\u00f3 que la Secretar\u00eda de Gobierno hered\u00f3 100 conflictos entre intermunicipales, agrarios y sociales, los cuales se atender\u00e1n en una agenda prioritaria para alcanzar el objetivo de que Oaxaca sea un pueblo transformando su historia.<\/p>\n","protected":false},"excerpt":{"rendered":"<p>Redacci\u00f3n\/Zona Roja. Oaxaca de Ju\u00e1rez, Oax., 6 de diciembre del 2022.- Dos personas cumplieron 12&hellip;<\/p>\n","protected":false},"author":2,"featured_media":48951,"comment_status":"closed","ping_status":"open","sticky":false,"template":"","format":"standard","meta":{"_lmt_disableupdate":"","_lmt_disable":"","_jetpack_memberships_contains_paid_content":false,"footnotes":""},"categories":[109,47],"tags":[3338],"class_list":["post-48950","post","type-post","status-publish","format-standard","has-post-thumbnail","hentry","category-minuto-a-minuto","category-zona-gris","tag-san-andres-yaa"],"jetpack_featured_media_url":"https:\/\/zonaroja.com.mx\/wp-content\/uploads\/2022\/12\/San-Andres-Yaa.jpeg","jetpack_sharing_enabled":true,"_links":{"self":[{"href":"https:\/\/zonaroja.com.mx\/index.php?rest_route=\/wp\/v2\/posts\/48950","targetHints":{"allow":["GET"]}}],"collection":[{"href":"https:\/\/zonaroja.com.mx\/index.php?rest_route=\/wp\/v2\/posts"}],"about":[{"href":"https:\/\/zonaroja.com.mx\/index.php?rest_route=\/wp\/v2\/types\/post"}],"author":[{"embeddable":true,"href":"https:\/\/zonaroja.com.mx\/index.php?rest_route=\/wp\/v2\/users\/2"}],"replies":[{"embeddable":true,"href":"https:\/\/zonaroja.com.mx\/index.php?rest_route=%2Fwp%2Fv2%2Fcomments&post=48950"}],"version-history":[{"count":1,"href":"https:\/\/zonaroja.com.mx\/index.php?rest_route=\/wp\/v2\/posts\/48950\/revisions"}],"predecessor-version":[{"id":48952,"href":"https:\/\/zonaroja.com.mx\/index.php?rest_route=\/wp\/v2\/posts\/48950\/revisions\/48952"}],"wp:featuredmedia":[{"embeddable":true,"href":"https:\/\/zonaroja.com.mx\/index.php?rest_route=\/wp\/v2\/media\/48951"}],"wp:attachment":[{"href":"https:\/\/zonaroja.com.mx\/index.php?rest_route=%2Fwp%2Fv2%2Fmedia&parent=48950"}],"wp:term":[{"taxonomy":"category","embeddable":true,"href":"https:\/\/zonaroja.com.mx\/index.php?rest_route=%2Fwp%2Fv2%2Fcategories&post=48950"},{"taxonomy":"post_tag","embeddable":true,"href":"https:\/\/zonaroja.com.mx\/index.php?rest_route=%2Fwp%2Fv2%2Ftags&post=48950"}],"curies":[{"name":"wp","href":"https:\/\/api.w.org\/{rel}","templated":true}]}}