{"id":48953,"date":"2022-12-06T21:37:01","date_gmt":"2022-12-07T03:37:01","guid":{"rendered":"http:\/\/www.zonaroja.com.mx\/?p=48953"},"modified":"2022-12-06T21:37:03","modified_gmt":"2022-12-07T03:37:03","slug":"aunque-son-un-grupito-y-sin-medidas-cautelares-triquis-advierten-que-seguira-lucha","status":"publish","type":"post","link":"https:\/\/zonaroja.com.mx\/?p=48953","title":{"rendered":"Aunque son un \u201cgrupito\u201d y sin medidas cautelares, triquis advierten que seguir\u00e1 lucha"},"content":{"rendered":"\n<p>Yuridiana Sosa\/Zona Roja.<\/p>\n\n\n\n<p>Oaxaca de Ju\u00e1rez, Oax., 6 de diciembre de 2022.- Un reducido grupo de mujeres ind\u00edgenas triquis se manifest\u00f3 frente a Palacio de Gobierno, en la capital, para exigir una mesa de di\u00e1logo con el gobernador Salom\u00f3n Jara Cruz, pues a cuatro d\u00edas del desalojo en ese recinto no existe comunicaci\u00f3n con las autoridades estatales.<\/p>\n\n\n\n<p>Lorena Merino Mart\u00ednez, lideresa de un grupo de desplazados de San Juan Copala, se\u00f1al\u00f3 que ninguna autoridad del Gobierno del Estado ha buscado un di\u00e1logo con ellas, quienes son v\u00edctimas de desplazamiento forzado desde hace 12 a\u00f1os.<\/p>\n\n\n\n<p>Durante su protesta, en la que gritaron consignas frente al acceso principal y portaron pancartas, condenaron que el presidente de M\u00e9xico, Andr\u00e9s Manuel L\u00f3pez Obrador, tenga informaci\u00f3n distorsionada sobre la situaci\u00f3n que viven y se base en las publicaciones del sacerdote Alejandro Solalinde, quien asegur\u00f3 en redes que \u201csolo buscan dinero\u201d y no realmente condiciones para su retorno.<\/p>\n\n\n\n<p>A las declaraciones del presidente, en las que apunta que es momento de \u201cventilar todo\u201d, apunt\u00f3 que el sacerdote activista tambi\u00e9n se \u201cvendi\u00f3\u201d y por eso ya no apoya a los desplazados.<\/p>\n\n\n\n<p>En la ocasi\u00f3n en la que estuvo el sacerdote en una negociaci\u00f3n en San Juan Copala, la autoridad municipal intent\u00f3 condicionar el regreso de las familias desplazadas a pesar que eran v\u00edctimas de la violencia, sin que existieran condiciones reales para volver.<\/p>\n\n\n\n<p>SIN MEDIDAS DE PROTECCI\u00d3N&nbsp;<\/p>\n\n\n\n<p>La lideresa precis\u00f3 que ninguna autoridad, ni estatal ni federal, les dio a conocer del t\u00e9rmino de las medidas cautelares interpuestas por las Comisi\u00f3n Interamericana de Derechos Humanos.<\/p>\n\n\n\n<p>El fin de la medida de protecci\u00f3n para 135 habitantes se registr\u00f3 el 2 de diciembre, el d\u00eda del desalojo.<\/p>\n\n\n\n<p>Para los desplazados , esa es una muestra de que el gobierno ya no quieres cumplir con el retorno de los ind\u00edgenas a su comunidad.<\/p>\n\n\n\n<p>Pese a eso -y a que ahora son menos por la migraci\u00f3n de los Triquis a otras ciudades- asegur\u00f3 que van a continuar en protestas hasta lograr el regreso a sus hogares y recuperar sus bienes.<\/p>\n\n\n\n<p>Sobre el desalojo agreg\u00f3 que las pertenencias aseguradas, entre estas artesan\u00edas, no les han sido devueltas, lo cual les impide seguir con su actividad comercial.<\/p>\n\n\n\n<figure class=\"wp-block-embed is-type-rich is-provider-twitter wp-block-embed-twitter\"><div class=\"wp-block-embed__wrapper\">\n<div class=\"twitter-tweet\"><blockquote class=\"twitter-tweet\" data-lang=\"es\"><p lang=\"es\" dir=\"ltr\"><a href=\"https:\/\/twitter.com\/hashtag\/ENVIVO?src=hash&amp;ref_src=twsrc%5Etfw\">#ENVIVO<\/a> <br>Oaxaca de Ju\u00e1rez, Oax., a 6 de diciembre de 2022.- El grupo de ind\u00edgenas triquis de Lorena Merino Mart\u00ednez protesta en el Palacio de Gobierno. Exige una mesa de di\u00e1logo, a cuatro d\u00edas del desalojo del Palacio de Gobierno. <br>Transmisi\u00f3n <br>\ud83d\udc47<a href=\"https:\/\/t.co\/P3PzDsk5Vv\">https:\/\/t.co\/P3PzDsk5Vv<\/a> <a href=\"https:\/\/t.co\/Y8Lc5F3LQf\">pic.twitter.com\/Y8Lc5F3LQf<\/a><\/p>&mdash; Zona Roja Oaxaca (@ZonaRoja_Oaxaca) <a href=\"https:\/\/twitter.com\/ZonaRoja_Oaxaca\/status\/1600211104453390337?ref_src=twsrc%5Etfw\">6 de diciembre de 2022<\/a><\/blockquote><\/div>\n<\/div><\/figure>\n","protected":false},"excerpt":{"rendered":"<p>Yuridiana Sosa\/Zona Roja. Oaxaca de Ju\u00e1rez, Oax., 6 de diciembre de 2022.- Un reducido grupo&hellip;<\/p>\n","protected":false},"author":2,"featured_media":48955,"comment_status":"closed","ping_status":"open","sticky":false,"template":"","format":"standard","meta":{"_lmt_disableupdate":"","_lmt_disable":"","_jetpack_memberships_contains_paid_content":false,"footnotes":""},"categories":[109,47],"tags":[2028],"class_list":["post-48953","post","type-post","status-publish","format-standard","has-post-thumbnail","hentry","category-minuto-a-minuto","category-zona-gris","tag-san-juan-copala"],"jetpack_featured_media_url":"https:\/\/zonaroja.com.mx\/wp-content\/uploads\/2022\/12\/Protesta-triquis-Palacio.jpg","jetpack_sharing_enabled":true,"_links":{"self":[{"href":"https:\/\/zonaroja.com.mx\/index.php?rest_route=\/wp\/v2\/posts\/48953","targetHints":{"allow":["GET"]}}],"collection":[{"href":"https:\/\/zonaroja.com.mx\/index.php?rest_route=\/wp\/v2\/posts"}],"about":[{"href":"https:\/\/zonaroja.com.mx\/index.php?rest_route=\/wp\/v2\/types\/post"}],"author":[{"embeddable":true,"href":"https:\/\/zonaroja.com.mx\/index.php?rest_route=\/wp\/v2\/users\/2"}],"replies":[{"embeddable":true,"href":"https:\/\/zonaroja.com.mx\/index.php?rest_route=%2Fwp%2Fv2%2Fcomments&post=48953"}],"version-history":[{"count":1,"href":"https:\/\/zonaroja.com.mx\/index.php?rest_route=\/wp\/v2\/posts\/48953\/revisions"}],"predecessor-version":[{"id":48957,"href":"https:\/\/zonaroja.com.mx\/index.php?rest_route=\/wp\/v2\/posts\/48953\/revisions\/48957"}],"wp:featuredmedia":[{"embeddable":true,"href":"https:\/\/zonaroja.com.mx\/index.php?rest_route=\/wp\/v2\/media\/48955"}],"wp:attachment":[{"href":"https:\/\/zonaroja.com.mx\/index.php?rest_route=%2Fwp%2Fv2%2Fmedia&parent=48953"}],"wp:term":[{"taxonomy":"category","embeddable":true,"href":"https:\/\/zonaroja.com.mx\/index.php?rest_route=%2Fwp%2Fv2%2Fcategories&post=48953"},{"taxonomy":"post_tag","embeddable":true,"href":"https:\/\/zonaroja.com.mx\/index.php?rest_route=%2Fwp%2Fv2%2Ftags&post=48953"}],"curies":[{"name":"wp","href":"https:\/\/api.w.org\/{rel}","templated":true}]}}