{"id":48960,"date":"2022-12-07T07:03:00","date_gmt":"2022-12-07T13:03:00","guid":{"rendered":"http:\/\/www.zonaroja.com.mx\/?p=48960"},"modified":"2022-12-07T06:08:47","modified_gmt":"2022-12-07T12:08:47","slug":"habrian-recibido-triquis-desplazados-al-menos-32-mdp-en-12-anos","status":"publish","type":"post","link":"https:\/\/zonaroja.com.mx\/?p=48960","title":{"rendered":"Habr\u00edan recibido triquis desplazados al menos 32 mdp en 12 a\u00f1os"},"content":{"rendered":"\n<p>Redacci\u00f3n\/Zona Roja.<\/p>\n\n\n\n<p>Oaxaca de Ju\u00e1rez, Oax., a 7 de diciembre de 2022.- Las personas desplazadas triquis que permanecieron por m\u00e1s de 12 a\u00f1os en los corredores del Palacio de Gobierno de Oaxaca, habr\u00edan recibido en este mismo lapso, m\u00e1s de 36 millones de pesos por parte del Estado, por concepto de reparaci\u00f3n del da\u00f1o, ayuda humanitaria entre otros.<\/p>\n\n\n\n<p>De acuerdo con reportes oficiales, en los dos sexenios anteriores les entregaron camionetas para que \u00fanicamente se movieran sus dirigentes; se rentaron casas acondicionadas para vivir con todos los servicios, y se les entreg\u00f3 recursos econ\u00f3micos directos para alimentos e insumos personales desde el 2013 al 2020.<\/p>\n\n\n\n<p>Sin embargo, detallan irregularidades, como el caso del grupo dirigido por Lorena Merino Mart\u00ednez la cual, pese a que s\u00f3lo est\u00e1 integrado por una decena de personas beneficiarias con las medidas de protecci\u00f3n de la Comisi\u00f3n Internacional de los Derechos Humanos, exigi\u00f3 40 lotes para el mismo n\u00famero de personas en la zona conurbada.<\/p>\n\n\n\n<p>S\u00f3lo durante el a\u00f1o 2020 e inicios del 2021, 29 familias recibieron la cantidad de 240 mil pesos como apoyo para la construcci\u00f3n, ampliaci\u00f3n o mejoramiento de vivienda, en total fueron seis millones 960 mil pesos.<\/p>\n\n\n\n<p>En total, los desplazados recibieron 36 millones 424 mil 448 pesos, sin contar el monto que representen los beneficios otorgados en especie a las 135 personas pertenecientes a cuatro grupos, beneficiadas con las medidas cautelares de protecci\u00f3n MC -197-10.<\/p>\n","protected":false},"excerpt":{"rendered":"<p>Redacci\u00f3n\/Zona Roja. Oaxaca de Ju\u00e1rez, Oax., a 7 de diciembre de 2022.- Las personas desplazadas&hellip;<\/p>\n","protected":false},"author":2,"featured_media":48961,"comment_status":"closed","ping_status":"open","sticky":false,"template":"","format":"standard","meta":{"_lmt_disableupdate":"","_lmt_disable":"","_jetpack_memberships_contains_paid_content":false,"footnotes":""},"categories":[109,47],"tags":[2037],"class_list":["post-48960","post","type-post","status-publish","format-standard","has-post-thumbnail","hentry","category-minuto-a-minuto","category-zona-gris","tag-indigenas-triquis-copala"],"jetpack_featured_media_url":"https:\/\/zonaroja.com.mx\/wp-content\/uploads\/2022\/12\/Triquis-Copala-Oaxaca-.jpg","jetpack_sharing_enabled":true,"_links":{"self":[{"href":"https:\/\/zonaroja.com.mx\/index.php?rest_route=\/wp\/v2\/posts\/48960","targetHints":{"allow":["GET"]}}],"collection":[{"href":"https:\/\/zonaroja.com.mx\/index.php?rest_route=\/wp\/v2\/posts"}],"about":[{"href":"https:\/\/zonaroja.com.mx\/index.php?rest_route=\/wp\/v2\/types\/post"}],"author":[{"embeddable":true,"href":"https:\/\/zonaroja.com.mx\/index.php?rest_route=\/wp\/v2\/users\/2"}],"replies":[{"embeddable":true,"href":"https:\/\/zonaroja.com.mx\/index.php?rest_route=%2Fwp%2Fv2%2Fcomments&post=48960"}],"version-history":[{"count":2,"href":"https:\/\/zonaroja.com.mx\/index.php?rest_route=\/wp\/v2\/posts\/48960\/revisions"}],"predecessor-version":[{"id":48963,"href":"https:\/\/zonaroja.com.mx\/index.php?rest_route=\/wp\/v2\/posts\/48960\/revisions\/48963"}],"wp:featuredmedia":[{"embeddable":true,"href":"https:\/\/zonaroja.com.mx\/index.php?rest_route=\/wp\/v2\/media\/48961"}],"wp:attachment":[{"href":"https:\/\/zonaroja.com.mx\/index.php?rest_route=%2Fwp%2Fv2%2Fmedia&parent=48960"}],"wp:term":[{"taxonomy":"category","embeddable":true,"href":"https:\/\/zonaroja.com.mx\/index.php?rest_route=%2Fwp%2Fv2%2Fcategories&post=48960"},{"taxonomy":"post_tag","embeddable":true,"href":"https:\/\/zonaroja.com.mx\/index.php?rest_route=%2Fwp%2Fv2%2Ftags&post=48960"}],"curies":[{"name":"wp","href":"https:\/\/api.w.org\/{rel}","templated":true}]}}