{"id":48964,"date":"2022-12-07T12:41:00","date_gmt":"2022-12-07T18:41:00","guid":{"rendered":"http:\/\/www.zonaroja.com.mx\/?p=48964"},"modified":"2022-12-07T06:45:30","modified_gmt":"2022-12-07T12:45:30","slug":"opinion-la-idea-de-universidad-autonoma-y-sus-enemigo","status":"publish","type":"post","link":"https:\/\/zonaroja.com.mx\/?p=48964","title":{"rendered":"Opini\u00f3n. La idea de universidad aut\u00f3noma y sus enemigos"},"content":{"rendered":"\n<p>Gibr\u00e1n Ram\u00edrez Reyes*<\/p>\n\n\n\n<p>Recientemente, la FIL de Guadalajara fue denostada desde el poder presidencial por reivindicar la libertad intelectual frente al poder y por la exigencia del p\u00fablico universitario, a una legisladora, de argumentos m\u00e1s sofisticados que las consignas que desde el gobierno se recetan cada ma\u00f1ana.&nbsp;<\/p>\n\n\n\n<p>Pero la universidad p\u00fablica no ha sido atacada solamente en el discurso, sino que tambi\u00e9n su figura se ha denostado en los hechos.&nbsp;<\/p>\n\n\n\n<p>As\u00ed lo indica, por ejemplo, la pretendida construcci\u00f3n de 145 universidades que no son tales, las cuales (seg\u00fan el informe presidencial) cuentan con un total de mil 168 profesores, lo que significa una media estad\u00edstica de ocho&nbsp;profesores por \u201cuniversidad\u201d, quienes no tienen plazas, sino convenios que les privan de cualquier certidumbre laboral.&nbsp;<\/p>\n\n\n\n<p>Seg\u00fan lo ha dicho la directora de este sistema, los profesores no se consideran trabajadores, sino beneficiarios de un programa social. Aunque cada \u201cuniversidad\u201d ofreciera \u00fanicamente una licenciatura, tendr\u00eda un profesor precarizado para impartir todas las asignaturas correspondientes a un curso.&nbsp;<\/p>\n\n\n\n<p>La condici\u00f3n necesaria para la degradaci\u00f3n de la idea de universidad y de la dignidad de los docentes en las llamadas Universidades Para el Bienestar que ofrecen educaci\u00f3n deficiente para los m\u00e1s pobres es la subordinaci\u00f3n org\u00e1nica al gobierno y su inseguridad presupuestal, es decir, la falta de autonom\u00eda.&nbsp;<\/p>\n\n\n\n<p>La autonom\u00eda universitaria tiene varios enemigos declarados: el mayor, como de toda la educaci\u00f3n p\u00fablica, son los gobiernos que regatean recursos, que pretenden que las universidades se rasquen con sus propias u\u00f1as en nombre de la austeridad, lo que es directamente una afrenta contra la gratuidad y el derecho a la educaci\u00f3n y que, adem\u00e1s, empata con la agenda privatizadora impulsada por organismos internacionales que pretenden que estas sean autosuficientes mediante la subordinaci\u00f3n de sus agendas de investigaci\u00f3n y educativas al mercado.&nbsp;<\/p>\n\n\n\n<p>Dichos gobiernos suelen encontrar una justificaci\u00f3n en c\u00fapulas que utilizan la autonom\u00eda para violar la Constituci\u00f3n o al menos para reducir al m\u00ednimo la gratuidad establecida en ella para toda la educaci\u00f3n que imparta el Estado, mientras mantienen privilegios para unos pocos.&nbsp;<\/p>\n\n\n\n<p>Si las universidades p\u00fablicas no cumplen con su principal responsabilidad social, la docencia, se abre el espacio para que actores pol\u00edticos intervengan en ellas argumentando la defensa del inter\u00e9s p\u00fablico.&nbsp;<\/p>\n\n\n\n<p>Adem\u00e1s de dichas \u00e9lites pol\u00edticas universitarias, hay un enorme peso estructural que los sindicatos anquilosados y privilegiados ejercen sobre los presupuestos y el patrimonio universitarios.&nbsp;<\/p>\n\n\n\n<p>Pero hay amenazas a la autonom\u00eda tambi\u00e9n en las limitaciones de la libertad intelectual en el sistema de reconocimiento propiciado por programas de est\u00edmulos que premian econ\u00f3micamente la pertenencia a comunidades epist\u00e9micas dominantes y que predisponen a los trabajadores intelectuales a participar de ciertos m\u00e9todos, puntos de vista y publicaciones.&nbsp;<\/p>\n\n\n\n<p>Y contaminan igualmente la libertad de investigaci\u00f3n los entramados empresariales que la privatizan por medio de la seducci\u00f3n de investigadores ya financiados con recursos p\u00fablicos, algo que es usual que haga por debajo de la mesa la industria farmac\u00e9utica&nbsp;o, por encima de ella (financiando investigaci\u00f3n), la industria de la construcci\u00f3n.&nbsp;<\/p>\n\n\n\n<p>Defender la idea de universidad y las universidades p\u00fablicas ante los poderes pasa antes por la autocr\u00edtica que por el autoelogio.&nbsp;<\/p>\n\n\n\n<p>*Doctor en ciencia pol\u00edtica por la UNAM.<\/p>\n\n\n\n<p>@gibranrr&nbsp;<\/p>\n","protected":false},"excerpt":{"rendered":"<p>Gibr\u00e1n Ram\u00edrez Reyes* Recientemente, la FIL de Guadalajara fue denostada desde el poder presidencial por&hellip;<\/p>\n","protected":false},"author":2,"featured_media":41734,"comment_status":"closed","ping_status":"open","sticky":false,"template":"","format":"standard","meta":{"_lmt_disableupdate":"","_lmt_disable":"","_jetpack_memberships_contains_paid_content":false,"footnotes":""},"categories":[456,109],"tags":[2489],"class_list":["post-48964","post","type-post","status-publish","format-standard","has-post-thumbnail","hentry","category-columna","category-minuto-a-minuto","tag-gibran-ramirez-reyes"],"jetpack_featured_media_url":"https:\/\/zonaroja.com.mx\/wp-content\/uploads\/2022\/05\/Opinion-Gibran-Ramirez-Reyes.jpg","jetpack_sharing_enabled":true,"_links":{"self":[{"href":"https:\/\/zonaroja.com.mx\/index.php?rest_route=\/wp\/v2\/posts\/48964","targetHints":{"allow":["GET"]}}],"collection":[{"href":"https:\/\/zonaroja.com.mx\/index.php?rest_route=\/wp\/v2\/posts"}],"about":[{"href":"https:\/\/zonaroja.com.mx\/index.php?rest_route=\/wp\/v2\/types\/post"}],"author":[{"embeddable":true,"href":"https:\/\/zonaroja.com.mx\/index.php?rest_route=\/wp\/v2\/users\/2"}],"replies":[{"embeddable":true,"href":"https:\/\/zonaroja.com.mx\/index.php?rest_route=%2Fwp%2Fv2%2Fcomments&post=48964"}],"version-history":[{"count":2,"href":"https:\/\/zonaroja.com.mx\/index.php?rest_route=\/wp\/v2\/posts\/48964\/revisions"}],"predecessor-version":[{"id":48966,"href":"https:\/\/zonaroja.com.mx\/index.php?rest_route=\/wp\/v2\/posts\/48964\/revisions\/48966"}],"wp:featuredmedia":[{"embeddable":true,"href":"https:\/\/zonaroja.com.mx\/index.php?rest_route=\/wp\/v2\/media\/41734"}],"wp:attachment":[{"href":"https:\/\/zonaroja.com.mx\/index.php?rest_route=%2Fwp%2Fv2%2Fmedia&parent=48964"}],"wp:term":[{"taxonomy":"category","embeddable":true,"href":"https:\/\/zonaroja.com.mx\/index.php?rest_route=%2Fwp%2Fv2%2Fcategories&post=48964"},{"taxonomy":"post_tag","embeddable":true,"href":"https:\/\/zonaroja.com.mx\/index.php?rest_route=%2Fwp%2Fv2%2Ftags&post=48964"}],"curies":[{"name":"wp","href":"https:\/\/api.w.org\/{rel}","templated":true}]}}