{"id":48967,"date":"2022-12-07T07:47:00","date_gmt":"2022-12-07T13:47:00","guid":{"rendered":"http:\/\/www.zonaroja.com.mx\/?p=48967"},"modified":"2022-12-07T06:51:49","modified_gmt":"2022-12-07T12:51:49","slug":"tras-rechazo-a-reforma-electoral-de-amlo-se-desquitan-y-avalan-plan-b","status":"publish","type":"post","link":"https:\/\/zonaroja.com.mx\/?p=48967","title":{"rendered":"Tras rechazo a reforma electoral de AMLO, se desquitan y avalan plan B"},"content":{"rendered":"\n<p>Redacci\u00f3n\/Zona Roja Cdmx.<\/p>\n\n\n\n<p>Ciudad de M\u00e9xico, a 7 de diciembre de 2022.- En las primeras horas de este mi\u00e9rcoles 7 de diciembre la C\u00e1mara de Diputados aprob\u00f3 por 261 votos a favor y 216 en contra, una amplia reforma electoral que integr\u00f3 las propuestas del presidente Andr\u00e9s Manuel L\u00f3pez Obrador, mas cambios pactados con sus aliados del Partido del Trabajo (PT) y Verde (PVEM).<\/p>\n\n\n\n<p>Ambas integraron un Plan B y Plan C de enmiendas, que fueron remitidas al Senado. Los cambios de \u00faltimo minuto flexibilizaron las reglas para la conservaci\u00f3n del registro como partidos pol\u00edticos, les permitir\u00e1 hacer \u201cguardaditos\u201d con los recursos que reciben del erario, y posibilitar\u00e1 a los legisladores buscar la reelecci\u00f3n sin pedir licencia al cargo ni dejar de recibir dieta, subvenciones y apoyos.<\/p>\n\n\n\n<p>Los criterios que el Partido del Trabajo (PT) aleg\u00f3 ante el Tribunal Electoral del Poder Judicial de la Federaci\u00f3n (TEPJF) en 2015, cuando estuvo a punto de perder el registro, fueron incorporados ahora como reformas a la ley.<\/p>\n\n\n\n<p>Las negociaciones de Morena y aliados lograron modificar la propuesta presidencial, conocido como Plan B, pues originalmente propuso que los diputados y senadores que buscaran la reelecci\u00f3n deb\u00edan solicitar licencia \u201chasta un d\u00eda antes del inicio de las campa\u00f1as\u201d; esa obligaci\u00f3n qued\u00f3 eliminada.<\/p>\n\n\n\n<p>Pasadas las tres de la ma\u00f1ana se present\u00f3 un cambio m\u00e1s: el PT propuso que el registro de ingresos y gastos en tiempo real y para la fiscalizaci\u00f3n del INE no se realice m\u00e1ximo 3 d\u00edas como es actualmente, sino \u201cdesde el momento que ocurren y hasta 20 d\u00edas despu\u00e9s\u201d.<\/p>\n\n\n\n<p>Ambos planes, B y C consistieron en reformas a la Ley General de Instituciones y Procedimientos Electorales, de la Ley General de Partidos Pol\u00edticos y de la Ley Org\u00e1nica del Poder Judicial de la Federaci\u00f3n, adem\u00e1s de una nueva Ley General de los Medios de Impugnaci\u00f3n en Materia Electoral, pues se propuso abrogar la que est\u00e1 vigente.<\/p>\n\n\n\n<p>Adem\u00e1s incluye cambios propuestos en una iniciativa de Morena para modificar la Ley General de Comunicaci\u00f3n Social y de la Ley General de Responsabilidades Administrativas.<\/p>\n\n\n\n<p>Todo ese paquete de reformas fueron posibles en tiempo r\u00e9cord, pues cerca de la 1:20 de la ma\u00f1ana los cuatro grupos parlamentarios de oposici\u00f3n abandonaron el sal\u00f3n de plenos en protesta por la discusi\u00f3n \u201cfast track\u201d, sin pasar por dictaminaci\u00f3n de comisiones y sin que se conocieran con anticipaci\u00f3n las propuestas.<\/p>\n\n\n\n<p>En la sesi\u00f3n vespertina, las iniciativas fueron turnadas originalmente a comisiones dictaminadoras, sin embargo a petici\u00f3n de Morena, que hizo suyas las propuestas, logr\u00f3 dar tr\u00e1mite de urgente y obvia resoluci\u00f3n.<\/p>\n\n\n\n<p>En la discusi\u00f3n en lo particular se propusieron reservas a 39 art\u00edculos y fracciones, algunos para corregir la propuesta presidencial, por ejemplo Morena meti\u00f3 reversa a su plan para eliminar a la Sala Regional Especializada del Tribunal Electoral del Poder Judicial de Federaci\u00f3n (TEPJF).<\/p>\n\n\n\n<p>Los transitorios de las reformas aprobadas y que deber\u00e1 de ratificar el Senado, en su caso, establecen que el Instituto Nacional Electora l(INE) deber\u00e1 reorganizar sus estructuras y concretar los ajustes presupuestales en agosto de 2023.<\/p>\n\n\n\n<p>El mismo r\u00e9gimen transitorio excluye a las elecciones de 2023 en el estado de M\u00e9xico y Coahuila de la organizaci\u00f3n con base en las nuevas reglas.<\/p>\n\n\n\n<p>(Informaci\u00f3n de \u201cExpansi\u00f3n Pol\u00edtica\u201d)<\/p>\n","protected":false},"excerpt":{"rendered":"<p>Redacci\u00f3n\/Zona Roja Cdmx. Ciudad de M\u00e9xico, a 7 de diciembre de 2022.- En las primeras&hellip;<\/p>\n","protected":false},"author":2,"featured_media":48968,"comment_status":"closed","ping_status":"open","sticky":false,"template":"","format":"standard","meta":{"_lmt_disableupdate":"","_lmt_disable":"","_jetpack_memberships_contains_paid_content":false,"footnotes":""},"categories":[109,47],"tags":[3339],"class_list":["post-48967","post","type-post","status-publish","format-standard","has-post-thumbnail","hentry","category-minuto-a-minuto","category-zona-gris","tag-reforma-electoral-mexico"],"jetpack_featured_media_url":"https:\/\/zonaroja.com.mx\/wp-content\/uploads\/2022\/12\/INE-reforma-electoral.jpeg","jetpack_sharing_enabled":true,"_links":{"self":[{"href":"https:\/\/zonaroja.com.mx\/index.php?rest_route=\/wp\/v2\/posts\/48967","targetHints":{"allow":["GET"]}}],"collection":[{"href":"https:\/\/zonaroja.com.mx\/index.php?rest_route=\/wp\/v2\/posts"}],"about":[{"href":"https:\/\/zonaroja.com.mx\/index.php?rest_route=\/wp\/v2\/types\/post"}],"author":[{"embeddable":true,"href":"https:\/\/zonaroja.com.mx\/index.php?rest_route=\/wp\/v2\/users\/2"}],"replies":[{"embeddable":true,"href":"https:\/\/zonaroja.com.mx\/index.php?rest_route=%2Fwp%2Fv2%2Fcomments&post=48967"}],"version-history":[{"count":1,"href":"https:\/\/zonaroja.com.mx\/index.php?rest_route=\/wp\/v2\/posts\/48967\/revisions"}],"predecessor-version":[{"id":48969,"href":"https:\/\/zonaroja.com.mx\/index.php?rest_route=\/wp\/v2\/posts\/48967\/revisions\/48969"}],"wp:featuredmedia":[{"embeddable":true,"href":"https:\/\/zonaroja.com.mx\/index.php?rest_route=\/wp\/v2\/media\/48968"}],"wp:attachment":[{"href":"https:\/\/zonaroja.com.mx\/index.php?rest_route=%2Fwp%2Fv2%2Fmedia&parent=48967"}],"wp:term":[{"taxonomy":"category","embeddable":true,"href":"https:\/\/zonaroja.com.mx\/index.php?rest_route=%2Fwp%2Fv2%2Fcategories&post=48967"},{"taxonomy":"post_tag","embeddable":true,"href":"https:\/\/zonaroja.com.mx\/index.php?rest_route=%2Fwp%2Fv2%2Ftags&post=48967"}],"curies":[{"name":"wp","href":"https:\/\/api.w.org\/{rel}","templated":true}]}}