{"id":48970,"date":"2022-12-07T09:54:00","date_gmt":"2022-12-07T15:54:00","guid":{"rendered":"http:\/\/www.zonaroja.com.mx\/?p=48970"},"modified":"2022-12-07T07:14:54","modified_gmt":"2022-12-07T13:14:54","slug":"oaxaca-el-estado-mas-peligroso-para-la-defensa-de-derechos-humanos-educa","status":"publish","type":"post","link":"https:\/\/zonaroja.com.mx\/?p=48970","title":{"rendered":"Oaxaca, el estado m\u00e1s peligroso para la defensa de derechos humanos: Educa"},"content":{"rendered":"\n<p>Redacci\u00f3n\/Zona Roja.<\/p>\n\n\n\n<p>Oaxaca de Ju\u00e1rez, Oax., a 7 de diciembre de 2022.- En M\u00e9xico, 141 personas defensoras fueron asesinadas en cuatro a\u00f1os, de acuerdo con la asociaci\u00f3n civil Servicios para una Educaci\u00f3n Alternativa (Educa).\u00a0<\/p>\n\n\n\n<p>Este total de asesinatos data del inicio del actual sexenio en diciembre de 2018 hasta noviembre de 2022, incluye a 19 mujeres y 8 personas de la diversidad, as\u00ed como 114 hombres.<\/p>\n\n\n\n<p>Familias enteras desplazadas, ni\u00f1os hu\u00e9rfanos y comunidades con el tejido social roto son algunas de las dram\u00e1ticas consecuencias que se esconden detr\u00e1s de las cifras de esta estad\u00edstica de violencia, detall\u00f3 en un comunicado.<\/p>\n\n\n\n<p>Dijo que es importante mencionar que, la gran mayor\u00eda de los asesinatos y ejecuciones extrajudiciales ha quedado en total impunidad, por lo que el ciclo vicioso de la violencia se sigue acelerando.<\/p>\n\n\n\n<p>\u00abEl pa\u00eds padece desde hace a\u00f1os una severa crisis de derechos humanos que incluye una gran vulnerabilidad de las personas que defienden los derechos de todas y todos.<\/p>\n\n\n\n<p>\u00abNuestro registro contiene informaci\u00f3n verificada por cada uno de los casos, y cada persona defensora asesinada fue reivindicada por organizaciones locales o internacionales como luchadoras y luchadores que defendieron los derechos humanos\u00bb, expuso.<\/p>\n\n\n\n<p>De ese total en el pa\u00eds, 34 cr\u00edmenes corresponden a defensores de Oaxaca. Le siguen Guerrero con 25, Chiapas con 14 y Chihuahua con 10 personas defensoras asesinadas en los \u00faltimos cuatro a\u00f1os.<\/p>\n\n\n\n<p>En la lista de las 17 personas defensoras desaparecidas se encuentran los mismos cuatro estados: en 2021, en Chihuahua fueron desaparecidas 10 personas defensoras, siete ind\u00edgenas yaquis y tres trabajadores de ranchos.&nbsp;<\/p>\n\n\n\n<p>En Guerrero, Vicente Su\u00e1stegui lleva m\u00e1s de un a\u00f1o en calidad de desaparecido.&nbsp;<\/p>\n\n\n\n<p>Y en Oaxaca siguen desaparecidas Claudia Uruchurtu de Nochixtl\u00e1n, asi como cuatro defensores del bosque de San Esteban Atatlahuca, la ambientalista Irma Galindo entre ellas.<\/p>\n\n\n\n<p>Los estados Oaxaca, Guerrero, Chiapas y Chihuahua suman a m\u00e1s de la mitad de asesinatos, ejecuciones y desapariciones de personas defensoras.<\/p>\n\n\n\n<p>\u00abEn Oaxaca, el mayor peligro para personas defensoras son las autoridades locales. La mayor\u00eda de ataques se registr\u00f3 en las regiones Costa y Mixteca. La violencia est\u00e1 alimentada por la complicidad entre poderes f\u00e1cticos y autoridades locales (emanados de todos los partidos y tambi\u00e9n del sistema normativo interno).<\/p>\n\n\n\n<p>\u00abEntre los temas con m\u00e1s riesgo, en el sur del pa\u00eds se perfila la defensa del territorio frente inversiones y proyectos de desarrollo. En Oaxaca, cada tercera persona defensora asesinada defendi\u00f3 la tierra y el territorio. El 91% de ellos, pertenec\u00eda a un pueblo ind\u00edgena\u00bb, rese\u00f1\u00f3.<\/p>\n\n\n\n<p>Agreg\u00f3 que a nivel pa\u00eds preocupa el aumento de asesinatos de madres buscadoras de personas desaparecidas, por lo que nos sumamos al llamado de la Oficina en M\u00e9xico del Alto Comisionado de las Naciones Unidas para los Derechos Humanos (ONU-DH) a reconocer y proteger a las mujeres buscadoras.<\/p>\n\n\n\n<p>\u201cCuando defiendo territorio, defiendo mi vida\u201d: resumi\u00f3 un defensor comunitario en la serie de cortos documentales de la campa\u00f1a \u201cAlas y Ra\u00edces del Movimiento Social de Oaxaca\u201d, publicado por Educa.<\/p>\n\n\n\n<p>\u00abComo Servicios de Educaci\u00f3n Alternativa (Educa), compartimos las denuncias y esperanzas de las personas defensoras y de las comunidades que luchan por sus derechos.<\/p>\n\n\n\n<p>\u00abSe necesitan urgentemente pol\u00edticas de protecci\u00f3n a personas defensoras en el estado de Oaxaca y el pa\u00eds. Los casos de asesinatos y desapariciones no pueden continuar en la impunidad.<\/p>\n\n\n\n<p>\u00abCon el inicio de un nuevo sexenio en Oaxaca, acrecentaremos nuestros esfuerzos de monitoreo de agresiones y trabajaremos tambi\u00e9n en la resoluci\u00f3n no-violenta de los conflictos sociales y pol\u00edticos\u00bb.<\/p>\n\n\n\n<p>En el contexto de este 10 de diciembre, D\u00eda de los Derechos Humanos, Educa reconoce el trabajo, el esfuerzo y sacrificio de todas estas personas defensoras que fueron asesinadas, y cuyo compromiso en defensa del territorio, la cultura y los derechos a la vida ha quedado plasmada en el imaginario colectivo de la sociedad.<\/p>\n","protected":false},"excerpt":{"rendered":"<p>Redacci\u00f3n\/Zona Roja. Oaxaca de Ju\u00e1rez, Oax., a 7 de diciembre de 2022.- En M\u00e9xico, 141&hellip;<\/p>\n","protected":false},"author":2,"featured_media":47378,"comment_status":"closed","ping_status":"open","sticky":false,"template":"","format":"standard","meta":{"_lmt_disableupdate":"","_lmt_disable":"","_jetpack_memberships_contains_paid_content":false,"footnotes":""},"categories":[109,47],"tags":[2275],"class_list":["post-48970","post","type-post","status-publish","format-standard","has-post-thumbnail","hentry","category-minuto-a-minuto","category-zona-gris","tag-servicios-para-una-educacion-alternativa-a-c-educa"],"jetpack_featured_media_url":"https:\/\/zonaroja.com.mx\/wp-content\/uploads\/2022\/10\/Defensores-del-rio-Verde.jpg","jetpack_sharing_enabled":true,"_links":{"self":[{"href":"https:\/\/zonaroja.com.mx\/index.php?rest_route=\/wp\/v2\/posts\/48970","targetHints":{"allow":["GET"]}}],"collection":[{"href":"https:\/\/zonaroja.com.mx\/index.php?rest_route=\/wp\/v2\/posts"}],"about":[{"href":"https:\/\/zonaroja.com.mx\/index.php?rest_route=\/wp\/v2\/types\/post"}],"author":[{"embeddable":true,"href":"https:\/\/zonaroja.com.mx\/index.php?rest_route=\/wp\/v2\/users\/2"}],"replies":[{"embeddable":true,"href":"https:\/\/zonaroja.com.mx\/index.php?rest_route=%2Fwp%2Fv2%2Fcomments&post=48970"}],"version-history":[{"count":1,"href":"https:\/\/zonaroja.com.mx\/index.php?rest_route=\/wp\/v2\/posts\/48970\/revisions"}],"predecessor-version":[{"id":48971,"href":"https:\/\/zonaroja.com.mx\/index.php?rest_route=\/wp\/v2\/posts\/48970\/revisions\/48971"}],"wp:featuredmedia":[{"embeddable":true,"href":"https:\/\/zonaroja.com.mx\/index.php?rest_route=\/wp\/v2\/media\/47378"}],"wp:attachment":[{"href":"https:\/\/zonaroja.com.mx\/index.php?rest_route=%2Fwp%2Fv2%2Fmedia&parent=48970"}],"wp:term":[{"taxonomy":"category","embeddable":true,"href":"https:\/\/zonaroja.com.mx\/index.php?rest_route=%2Fwp%2Fv2%2Fcategories&post=48970"},{"taxonomy":"post_tag","embeddable":true,"href":"https:\/\/zonaroja.com.mx\/index.php?rest_route=%2Fwp%2Fv2%2Ftags&post=48970"}],"curies":[{"name":"wp","href":"https:\/\/api.w.org\/{rel}","templated":true}]}}