{"id":48972,"date":"2022-12-07T07:29:25","date_gmt":"2022-12-07T13:29:25","guid":{"rendered":"http:\/\/www.zonaroja.com.mx\/?p=48972"},"modified":"2022-12-07T07:29:26","modified_gmt":"2022-12-07T13:29:26","slug":"martes-de-primavera-roja-un-asesinato-y-tres-ataques-armados","status":"publish","type":"post","link":"https:\/\/zonaroja.com.mx\/?p=48972","title":{"rendered":"Martes de \u201cprimavera roja\u201d: un asesinato y tres ataques armados"},"content":{"rendered":"\n<p>Ismael Garc\u00eda M.\/Zona Roja.&nbsp;<\/p>\n\n\n\n<p>Oaxaca de Ju\u00e1rez, Oax., a 7 de diciembre de 2022.- En el sexto d\u00eda consecutivo de violencia en Oaxaca, este martes fue asesinado a balazos un joven y se registraron tres ataques armados, con saldo de cuatro lesionados.<\/p>\n\n\n\n<p>Anoche, a un costado de la carretera federal Oaxaca-M\u00e9xico, a la altura de la localidad de Santiaguito, Etla, jurisdicci\u00f3n del municipio de San Lorenzo Cacaotepec, un individuo fue agredido a balazos.<\/p>\n\n\n\n<p>Param\u00e9dicos arribaron al lugar, le brindaron los primeros auxilios y lo trasladaron a un hospital de la ciudad de Oaxaca, pero perdi\u00f3 la vida antes de recibir atenci\u00f3n m\u00e9dica.<\/p>\n\n\n\n<p>La v\u00edctima fue identificada como Jes\u00fas Mois\u00e9s \u201cN\u201d, de 19 a\u00f1os de edad, y a\u00fan se desconoce el m\u00f3vil del crimen, como la identidad de los agresores.<\/p>\n\n\n\n<p>LOS ATAQUES<\/p>\n\n\n\n<p>Como se inform\u00f3, ayer al mediod\u00eda en la colonia Benito Ju\u00e1rez, agencia de Santa Rosa Panzacola de la ciudad de Oaxaca, se registr\u00f3 un ataque armado en contra de dos personas.<\/p>\n\n\n\n<p>Una de las v\u00edctimas es Ezequiel C. H., de 24 a\u00f1os de edad, representante de la organizaci\u00f3n de transportistas Confederaci\u00f3n Joven, y Fernando G. M., de 21 a\u00f1os de edad, quienes fueron trasladados a un hospital.<\/p>\n\n\n\n<p>Taxistas de esa agrupaci\u00f3n rodearon la zona del ataque con unidades de motor, al igual que el hospital donde son atendidos los baleados, en la colonia Reforma de la capital.<\/p>\n\n\n\n<p>Otro ataque armado, sin lesionados, sucedi\u00f3 ayer al mediod\u00eda en la colonia Ampliaci\u00f3n de Santa Cruz Xoxocotl\u00e1n, cuando elementos de la Agencia Estatal de Investigaciones acud\u00edan a dar cumplimiento a una orden de aprehensi\u00f3n.<\/p>\n\n\n\n<p>Una mujer de nombre Natalia, de 21 a\u00f1os, dispar\u00f3 en contra de ellos, tras lo cual fue detenida; adem\u00e1s, fue aprehendido Jair, acusado de varios delitos.<\/p>\n\n\n\n<p>Mientras que la madrugada de ayer, dos personas fueron atacadas a balazos en el inicio de la supercarretera Oaxaca-Istmo, en jurisdicci\u00f3n de la Villa de Mitla, por parte de sujetos armados, con resultado de dos lesionados que fueron trasladados a un hospital de Tlacolula de Matamoros<\/p>\n\n\n\n<p>Por otra parte, como Enrique G. V., de 49 a\u00f1os de edad, fue identificado el individuo que fue rescatado sin vida ayer en el r\u00edo \u201cTehuantepec\u201d, en la colindancia de Santo Domingo Tehuantepec con San Blas Atempa; hasta el momento se desconoce la causa de la muerte.<\/p>\n","protected":false},"excerpt":{"rendered":"<p>Ismael Garc\u00eda M.\/Zona Roja.&nbsp; Oaxaca de Ju\u00e1rez, Oax., a 7 de diciembre de 2022.- En&hellip;<\/p>\n","protected":false},"author":2,"featured_media":48973,"comment_status":"closed","ping_status":"open","sticky":false,"template":"","format":"standard","meta":{"_lmt_disableupdate":"","_lmt_disable":"","_jetpack_memberships_contains_paid_content":false,"footnotes":""},"categories":[109,51],"tags":[846],"class_list":["post-48972","post","type-post","status-publish","format-standard","has-post-thumbnail","hentry","category-minuto-a-minuto","category-zona-roja","tag-san-lorenzo-cacaotepec"],"jetpack_featured_media_url":"https:\/\/zonaroja.com.mx\/wp-content\/uploads\/2022\/12\/Assinado-Santiaguito-Etla.jpg","jetpack_sharing_enabled":true,"_links":{"self":[{"href":"https:\/\/zonaroja.com.mx\/index.php?rest_route=\/wp\/v2\/posts\/48972","targetHints":{"allow":["GET"]}}],"collection":[{"href":"https:\/\/zonaroja.com.mx\/index.php?rest_route=\/wp\/v2\/posts"}],"about":[{"href":"https:\/\/zonaroja.com.mx\/index.php?rest_route=\/wp\/v2\/types\/post"}],"author":[{"embeddable":true,"href":"https:\/\/zonaroja.com.mx\/index.php?rest_route=\/wp\/v2\/users\/2"}],"replies":[{"embeddable":true,"href":"https:\/\/zonaroja.com.mx\/index.php?rest_route=%2Fwp%2Fv2%2Fcomments&post=48972"}],"version-history":[{"count":1,"href":"https:\/\/zonaroja.com.mx\/index.php?rest_route=\/wp\/v2\/posts\/48972\/revisions"}],"predecessor-version":[{"id":48974,"href":"https:\/\/zonaroja.com.mx\/index.php?rest_route=\/wp\/v2\/posts\/48972\/revisions\/48974"}],"wp:featuredmedia":[{"embeddable":true,"href":"https:\/\/zonaroja.com.mx\/index.php?rest_route=\/wp\/v2\/media\/48973"}],"wp:attachment":[{"href":"https:\/\/zonaroja.com.mx\/index.php?rest_route=%2Fwp%2Fv2%2Fmedia&parent=48972"}],"wp:term":[{"taxonomy":"category","embeddable":true,"href":"https:\/\/zonaroja.com.mx\/index.php?rest_route=%2Fwp%2Fv2%2Fcategories&post=48972"},{"taxonomy":"post_tag","embeddable":true,"href":"https:\/\/zonaroja.com.mx\/index.php?rest_route=%2Fwp%2Fv2%2Ftags&post=48972"}],"curies":[{"name":"wp","href":"https:\/\/api.w.org\/{rel}","templated":true}]}}