{"id":48980,"date":"2022-12-07T12:33:00","date_gmt":"2022-12-07T18:33:00","guid":{"rendered":"http:\/\/www.zonaroja.com.mx\/?p=48980"},"modified":"2022-12-07T14:20:02","modified_gmt":"2022-12-07T20:20:02","slug":"pend","status":"publish","type":"post","link":"https:\/\/zonaroja.com.mx\/?p=48980","title":{"rendered":"Declaran culpables a ex edil de Nochixtl\u00e1n y tres m\u00e1s por desaparici\u00f3n forzada de Claudia Uruchurtu"},"content":{"rendered":"\n<p>&nbsp;Yuridiana Sosa\/Zona Roja.<\/p>\n\n\n\n<p>Oaxaca de Ju\u00e1rez, Oax., 7 de diciembre de 2022.- La ex edil de Asunci\u00f3n Nochixtl\u00e1n, Lizbeth V. H., y tres personas m\u00e1s fueron declaradas culpables por la desaparici\u00f3n forzada de la activista Claudia Uruchurtu Cruz, en marzo de 2021.<\/p>\n\n\n\n<p>Sin embargo, pese a todo un proceso penal donde se ofrecieron detalles del delito, Claudia Uruchurtu sigue sin ser localizada, por lo que su familia se\u00f1al\u00f3 continuar\u00e1 en su lucha \u201chasta encontrarla\u201d.&nbsp;<\/p>\n\n\n\n<p>La determinaci\u00f3n del Tribunal Superior de Justicia del Estado de Oaxaca se dio a conocer en la audiencia de este mi\u00e9rcoles 7 de diciembre \u2014luego de dos reprogramaciones&#8211; en la que estuvieron presentes los cuatro imputados en el caso y familiares de ambas partes.<\/p>\n\n\n\n<p>Al t\u00e9rmino de la audiencia, desarrollada en el Juzgado Especializado en Materia de Justicia para Adolescentes, e n la colonia Reforma de la capital, la cual tard\u00f3 alrededor de una hora, la familia Uruchurtu Cruz inform\u00f3 a la prensa sobre la resoluci\u00f3n del caso, con m\u00e1s de un mes de audiencias para llegar a una determinaci\u00f3n.<\/p>\n\n\n\n<p>\u201cPor primera vez en Oaxaca se logra una sentencia acusatoria en contra de servidores p\u00fablicos por el crimen de desaparici\u00f3n forzada\u201d, expres\u00f3 Aid\u00e9 Uruchurtu, hermana de Claudia.<\/p>\n\n\n\n<p>NUEVO CICLO<\/p>\n\n\n\n<p>Acompa\u00f1ada de m\u00e1s familia, entre las que se encontraba la mam\u00e1 de Claudia, Aid\u00e9 Uruchurtu dijo que este acto de justicia \u201cmarca el final de la impunidad absoluta en materia de desaparici\u00f3n forzada\u201d, pero aun as\u00ed no es un d\u00eda de celebraci\u00f3n, pues su hermana a\u00fan no aparece.<\/p>\n\n\n\n<p>Uruchurtu Cruz destac\u00f3 que la decisi\u00f3n de hoy abre un nuevo cap\u00edtulo de esperanza para miles de familias en M\u00e9xico que siguen luchando por tener justicia y encontrar a sus desaparecidos.&nbsp;<\/p>\n\n\n\n<p>As\u00ed tambi\u00e9n detall\u00f3 en la audiencia de debate la familia escuch\u00f3 un c\u00famulo de pruebas en contra de los perpetradores; \u201ctuvimos que pasar por el dolosos y revictimizante ejercicio de escuchar los testigos, ver los videos de los asesinos cazando a mi hermana, mirar como sin ning\u00fan remordimiento los acusados mostraban muecas burlonas de superioridad. Llevamos 18 meses sin encontrar a Claudia\u201d.<\/p>\n\n\n\n<p>Ante ese hecho, demand\u00f3 a la poblaci\u00f3n en general y al pueblo de Nochixtl\u00e1n a seguir contribuyendo en la b\u00fasqueda de Claudia.<\/p>\n\n\n\n<p>Luego de varios minutos, los cuatro imputados, dos mujeres y dos hombres, salieron del juzgado.&nbsp;<\/p>\n\n\n\n<p>Familiares de la ex edil por Morena mostraron enojo y sentenci\u00f3 a gritos: \u201cVamos a demostrar con pruebas que esto es falso\u201d.<\/p>\n\n\n\n<p>Lizbeth V. H. fue detenida el 7 de mayo de 2021 por su probable participaci\u00f3n en la desaparici\u00f3n forzada de Claudia. Junto con ella se detuvo a Juan Antonio H. M.- guardia de seguridad de la presidenta-, alias \u201cEl Centinela\u201d, y Johan Ricardo M. M, tambi\u00e9n funcionario del ayuntamiento.<\/p>\n\n\n\n<p>En julio, la Fiscal\u00eda General del Estado de Oaxaca detuvo a otras dos personas. Se trat\u00f3 de Janet V., esposa de Juan Antonio H. M. y un individuo identificado como Rolando A. B., alias \u201cEl Gre\u00f1as\u201d o \u201cEl Colas\u201d.<\/p>\n\n\n\n<p>Sobre el estado de Claudia, en junio de ese a\u00f1o el Fiscal de Oaxaca, Arturo Peimbert Calvo, inform\u00f3 que pesar de no contar con la localizaci\u00f3n de Claudia ten\u00edan la certeza que ella fue ejecutada.&nbsp;<\/p>\n\n\n\n<p>De manera extraoficial, fuentes de la Fiscal\u00eda General del Estado, indicaron que \u201cEl Centinela\u201d habr\u00eda participado en la muerte de Claudia Uruchurtu, mientras que \u201cEl Gre\u00f1as\u201d habr\u00eda sido el encargado de desaparecer y tirarla en inmediaciones de Matadamas, Etla, seg\u00fan un testigo protegido. Despu\u00e9s de ese hallazgo, no se inform\u00f3 m\u00e1s.<\/p>\n\n\n\n<figure class=\"wp-block-embed\"><div class=\"wp-block-embed__wrapper\">\n<div class=\"twitter-tweet\"><blockquote class=\"twitter-tweet\" data-lang=\"es\"><p lang=\"es\" dir=\"ltr\"><a href=\"https:\/\/twitter.com\/hashtag\/%C3%9AltimoMinuto?src=hash&amp;ref_src=twsrc%5Etfw\">#\u00daltimoMinuto<\/a><br>A la salida de los cuatro imputados, una de las familiares de Lizbeth V. H., ex edil de Nochixtl\u00e1n, empuj\u00f3 a algunos periodistas, irritados por la sentencia de culpabilidad por el caso Claudia <a href=\"https:\/\/twitter.com\/hashtag\/Uruchurtu?src=hash&amp;ref_src=twsrc%5Etfw\">#Uruchurtu<\/a>. <a href=\"https:\/\/t.co\/nJCKhMHfz2\">pic.twitter.com\/nJCKhMHfz2<\/a><\/p>&mdash; Zona Roja Oaxaca (@ZonaRoja_Oaxaca) <a href=\"https:\/\/twitter.com\/ZonaRoja_Oaxaca\/status\/1600567809582432258?ref_src=twsrc%5Etfw\">7 de diciembre de 2022<\/a><\/blockquote><\/div>\n<\/div><\/figure>\n","protected":false},"excerpt":{"rendered":"<p>&nbsp;Yuridiana Sosa\/Zona Roja. Oaxaca de Ju\u00e1rez, Oax., 7 de diciembre de 2022.- La ex edil&hellip;<\/p>\n","protected":false},"author":2,"featured_media":48983,"comment_status":"closed","ping_status":"open","sticky":false,"template":"","format":"standard","meta":{"_lmt_disableupdate":"","_lmt_disable":"","_jetpack_memberships_contains_paid_content":false,"footnotes":""},"categories":[109,1,47],"tags":[],"class_list":["post-48980","post","type-post","status-publish","format-standard","has-post-thumbnail","hentry","category-minuto-a-minuto","category-sin-categoria","category-zona-gris"],"jetpack_featured_media_url":"https:\/\/zonaroja.com.mx\/wp-content\/uploads\/2022\/12\/51be27de-2a33-4fcc-b0c8-3adaefa92449.jpg","jetpack_sharing_enabled":true,"_links":{"self":[{"href":"https:\/\/zonaroja.com.mx\/index.php?rest_route=\/wp\/v2\/posts\/48980","targetHints":{"allow":["GET"]}}],"collection":[{"href":"https:\/\/zonaroja.com.mx\/index.php?rest_route=\/wp\/v2\/posts"}],"about":[{"href":"https:\/\/zonaroja.com.mx\/index.php?rest_route=\/wp\/v2\/types\/post"}],"author":[{"embeddable":true,"href":"https:\/\/zonaroja.com.mx\/index.php?rest_route=\/wp\/v2\/users\/2"}],"replies":[{"embeddable":true,"href":"https:\/\/zonaroja.com.mx\/index.php?rest_route=%2Fwp%2Fv2%2Fcomments&post=48980"}],"version-history":[{"count":2,"href":"https:\/\/zonaroja.com.mx\/index.php?rest_route=\/wp\/v2\/posts\/48980\/revisions"}],"predecessor-version":[{"id":48984,"href":"https:\/\/zonaroja.com.mx\/index.php?rest_route=\/wp\/v2\/posts\/48980\/revisions\/48984"}],"wp:featuredmedia":[{"embeddable":true,"href":"https:\/\/zonaroja.com.mx\/index.php?rest_route=\/wp\/v2\/media\/48983"}],"wp:attachment":[{"href":"https:\/\/zonaroja.com.mx\/index.php?rest_route=%2Fwp%2Fv2%2Fmedia&parent=48980"}],"wp:term":[{"taxonomy":"category","embeddable":true,"href":"https:\/\/zonaroja.com.mx\/index.php?rest_route=%2Fwp%2Fv2%2Fcategories&post=48980"},{"taxonomy":"post_tag","embeddable":true,"href":"https:\/\/zonaroja.com.mx\/index.php?rest_route=%2Fwp%2Fv2%2Ftags&post=48980"}],"curies":[{"name":"wp","href":"https:\/\/api.w.org\/{rel}","templated":true}]}}