{"id":48985,"date":"2022-12-07T15:32:12","date_gmt":"2022-12-07T21:32:12","guid":{"rendered":"http:\/\/www.zonaroja.com.mx\/?p=48985"},"modified":"2022-12-07T15:32:14","modified_gmt":"2022-12-07T21:32:14","slug":"reiteran-colonias-de-zaachila-rechazo-a-la-reapertura-del-tiradero-de-basura","status":"publish","type":"post","link":"https:\/\/zonaroja.com.mx\/?p=48985","title":{"rendered":"Reiteran colonias de Zaachila rechazo a la reapertura del tiradero de basura"},"content":{"rendered":"\n<p>Yuridiana Sosa\/Zona Roja.<\/p>\n\n\n\n<p>Oaxaca de Ju\u00e1rez, Oax., 7 de diciembre de 2022.- Tras ocupar el relleno sanitario de Zaachila por m\u00e1s de 40 a\u00f1os, autoridades de la zona metropolitana mostraron desinter\u00e9s para el saneamiento del espacio.<\/p>\n\n\n\n<p>Vecinos de la agencia de Vicente Guerrero, de Villa de Zaachila- donde se ubica el basurero- autoridades auxiliares y del Gobierno del Estado, realizaron este mi\u00e9rcoles un recorrido en el relleno sanitario, al que no asistieron las autoridades de los ayuntamientos que por varias d\u00e9cadas ocuparon de este lugar.<\/p>\n\n\n\n<p>A casi dos meses de la clausura del lugar, los representantes de &nbsp;la agencia municipal de Vicente Guerrero informaron a su comunidad que no se trata de una visita para la reapertura del lugar, sino para la programaci\u00f3n del saneamiento y tratamiento del tiradero y dar una soluci\u00f3n al problema.<\/p>\n\n\n\n<p>Al recorrido asistieron integrantes de la Secretar\u00eda de Gobierno de Oaxaca y Secretar\u00eda de Medio Ambiente, Energ\u00edas y Desarrollo Sustentable, y representantes del ayuntamiento de Villa de Zaachila.<\/p>\n\n\n\n<p>\u201cSe cit\u00f3 a algunos presidentes municipales, pero pareciera que buscan solamente el protagonismo y que no dudamos que en breves estar\u00e1n mal informando a su poblaci\u00f3n a trav\u00e9s de sus redes sociales\u201d, sentenci\u00f3 la autoridad auxiliar en su comunicado difundido esta ma\u00f1ana.<\/p>\n\n\n\n<p>Pues al menos unos 25 municipios de la zona metropolitana de Oaxaca, iniciando con Oaxaca de Ju\u00e1rez como propietario del lugar, hicieron uso del basurero.<\/p>\n\n\n\n<p>En tanto, este 6 de diciembre los habitantes de los alrededores del basurero se reunieron con la Secretar\u00eda de Gobierno en busca de soluciones a los desechos que se localizan en el espacio cerrado el 8 de octubre.<\/p>\n","protected":false},"excerpt":{"rendered":"<p>Yuridiana Sosa\/Zona Roja. Oaxaca de Ju\u00e1rez, Oax., 7 de diciembre de 2022.- Tras ocupar el&hellip;<\/p>\n","protected":false},"author":2,"featured_media":48986,"comment_status":"closed","ping_status":"open","sticky":false,"template":"","format":"standard","meta":{"_lmt_disableupdate":"","_lmt_disable":"","_jetpack_memberships_contains_paid_content":false,"footnotes":""},"categories":[109,47],"tags":[3211],"class_list":["post-48985","post","type-post","status-publish","format-standard","has-post-thumbnail","hentry","category-minuto-a-minuto","category-zona-gris","tag-tiradero-de-basura-zaachila"],"jetpack_featured_media_url":"https:\/\/zonaroja.com.mx\/wp-content\/uploads\/2022\/12\/Rechaza-agencias-Zaachila-basurero.jpg","jetpack_sharing_enabled":true,"_links":{"self":[{"href":"https:\/\/zonaroja.com.mx\/index.php?rest_route=\/wp\/v2\/posts\/48985","targetHints":{"allow":["GET"]}}],"collection":[{"href":"https:\/\/zonaroja.com.mx\/index.php?rest_route=\/wp\/v2\/posts"}],"about":[{"href":"https:\/\/zonaroja.com.mx\/index.php?rest_route=\/wp\/v2\/types\/post"}],"author":[{"embeddable":true,"href":"https:\/\/zonaroja.com.mx\/index.php?rest_route=\/wp\/v2\/users\/2"}],"replies":[{"embeddable":true,"href":"https:\/\/zonaroja.com.mx\/index.php?rest_route=%2Fwp%2Fv2%2Fcomments&post=48985"}],"version-history":[{"count":1,"href":"https:\/\/zonaroja.com.mx\/index.php?rest_route=\/wp\/v2\/posts\/48985\/revisions"}],"predecessor-version":[{"id":48987,"href":"https:\/\/zonaroja.com.mx\/index.php?rest_route=\/wp\/v2\/posts\/48985\/revisions\/48987"}],"wp:featuredmedia":[{"embeddable":true,"href":"https:\/\/zonaroja.com.mx\/index.php?rest_route=\/wp\/v2\/media\/48986"}],"wp:attachment":[{"href":"https:\/\/zonaroja.com.mx\/index.php?rest_route=%2Fwp%2Fv2%2Fmedia&parent=48985"}],"wp:term":[{"taxonomy":"category","embeddable":true,"href":"https:\/\/zonaroja.com.mx\/index.php?rest_route=%2Fwp%2Fv2%2Fcategories&post=48985"},{"taxonomy":"post_tag","embeddable":true,"href":"https:\/\/zonaroja.com.mx\/index.php?rest_route=%2Fwp%2Fv2%2Ftags&post=48985"}],"curies":[{"name":"wp","href":"https:\/\/api.w.org\/{rel}","templated":true}]}}