{"id":48988,"date":"2022-12-07T15:41:57","date_gmt":"2022-12-07T21:41:57","guid":{"rendered":"http:\/\/www.zonaroja.com.mx\/?p=48988"},"modified":"2022-12-07T15:41:58","modified_gmt":"2022-12-07T21:41:58","slug":"tras-autogolpe-presidente-de-peru-fue-detenido-y-trasladado-a-sede-de-prefectura","status":"publish","type":"post","link":"https:\/\/zonaroja.com.mx\/?p=48988","title":{"rendered":"Tras autogolpe, Presidente de Per\u00fa fue detenido y trasladado a sede de Prefectura"},"content":{"rendered":"\n<p>Redacci\u00f3n\/Zona Roja Cdmx.<\/p>\n\n\n\n<p>Ciudad de M\u00e9xico a 7 de diciembre de 2022.- Pedro Castillo fue detenido por las autoridades luego que disolviera el Congreso de la Rep\u00fablica este mi\u00e9rcoles 7 de diciembre.&nbsp;<\/p>\n\n\n\n<p>El sindicado como l\u00edder de una organizaci\u00f3n criminal desde Palacio de Gobierno, fue abordado en la v\u00eda p\u00fablica y trasladado a la Prefectura ubicada en la avenida Espa\u00f1a, en el Cercado de Lima.<\/p>\n\n\n\n<p>El procurador del Estado, Daniel Soria, ya present\u00f3 una denuncia penal en contra de Castillo por la medida inconstitucional adoptada. Este anunci\u00f3 el cierre del Parlamento durante un mensaje a la Naci\u00f3n en una clara situaci\u00f3n de autogolpe.<\/p>\n\n\n\n<p>Mientras esto suced\u00eda, el Legislativo votaba en una sesi\u00f3n extraordinaria, y sin debate, la vacancia presidencial.&nbsp;<\/p>\n\n\n\n<p>La destituci\u00f3n del hasta hoy presidente de la Rep\u00fablica se aprob\u00f3 con 101 votos a favor. Pese a la grave situaci\u00f3n coyuntural del pa\u00eds, se presentaron abstenciones y votos en contra.<\/p>\n\n\n\n<p>\u201cDando cumplimiento a nuestras facultades y atribuciones descritas en el art. 5 de D.L n.\u00b0 1267 Ley la Polic\u00eda Nacional del Per\u00fa, efectivos PNP intervienen al expresidente Pedro Castillo\u201d, informaron las autoridades.<\/p>\n\n\n\n<p>En las im\u00e1genes captadas por Canal N, se observa a Castillo ser interceptado cuando permanec\u00eda al interior de un auto gris. En este marco, diversos veh\u00edculos policiales cerraron al paso al autom\u00f3vil y agentes de Seguridad del Estado procedieron a su detenci\u00f3n.<\/p>\n\n\n\n<p>(Informaci\u00f3n de Infobae)<\/p>\n","protected":false},"excerpt":{"rendered":"<p>Redacci\u00f3n\/Zona Roja Cdmx. Ciudad de M\u00e9xico a 7 de diciembre de 2022.- Pedro Castillo fue&hellip;<\/p>\n","protected":false},"author":2,"featured_media":48989,"comment_status":"closed","ping_status":"open","sticky":false,"template":"","format":"standard","meta":{"_lmt_disableupdate":"","_lmt_disable":"","_jetpack_memberships_contains_paid_content":false,"footnotes":""},"categories":[109,47],"tags":[3340],"class_list":["post-48988","post","type-post","status-publish","format-standard","has-post-thumbnail","hentry","category-minuto-a-minuto","category-zona-gris","tag-pedro-castillo-peru"],"jetpack_featured_media_url":"https:\/\/zonaroja.com.mx\/wp-content\/uploads\/2022\/12\/Pedro-Castillo-Peru.jpeg","jetpack_sharing_enabled":true,"_links":{"self":[{"href":"https:\/\/zonaroja.com.mx\/index.php?rest_route=\/wp\/v2\/posts\/48988","targetHints":{"allow":["GET"]}}],"collection":[{"href":"https:\/\/zonaroja.com.mx\/index.php?rest_route=\/wp\/v2\/posts"}],"about":[{"href":"https:\/\/zonaroja.com.mx\/index.php?rest_route=\/wp\/v2\/types\/post"}],"author":[{"embeddable":true,"href":"https:\/\/zonaroja.com.mx\/index.php?rest_route=\/wp\/v2\/users\/2"}],"replies":[{"embeddable":true,"href":"https:\/\/zonaroja.com.mx\/index.php?rest_route=%2Fwp%2Fv2%2Fcomments&post=48988"}],"version-history":[{"count":1,"href":"https:\/\/zonaroja.com.mx\/index.php?rest_route=\/wp\/v2\/posts\/48988\/revisions"}],"predecessor-version":[{"id":48990,"href":"https:\/\/zonaroja.com.mx\/index.php?rest_route=\/wp\/v2\/posts\/48988\/revisions\/48990"}],"wp:featuredmedia":[{"embeddable":true,"href":"https:\/\/zonaroja.com.mx\/index.php?rest_route=\/wp\/v2\/media\/48989"}],"wp:attachment":[{"href":"https:\/\/zonaroja.com.mx\/index.php?rest_route=%2Fwp%2Fv2%2Fmedia&parent=48988"}],"wp:term":[{"taxonomy":"category","embeddable":true,"href":"https:\/\/zonaroja.com.mx\/index.php?rest_route=%2Fwp%2Fv2%2Fcategories&post=48988"},{"taxonomy":"post_tag","embeddable":true,"href":"https:\/\/zonaroja.com.mx\/index.php?rest_route=%2Fwp%2Fv2%2Ftags&post=48988"}],"curies":[{"name":"wp","href":"https:\/\/api.w.org\/{rel}","templated":true}]}}