{"id":48992,"date":"2022-12-07T21:15:00","date_gmt":"2022-12-08T03:15:00","guid":{"rendered":"http:\/\/www.zonaroja.com.mx\/?p=48992"},"modified":"2022-12-07T21:15:02","modified_gmt":"2022-12-08T03:15:02","slug":"acusan-triquis-a-autoridades-morenistas-de-nulo-dialogo-y-robo-de-mercancia","status":"publish","type":"post","link":"https:\/\/zonaroja.com.mx\/?p=48992","title":{"rendered":"Acusan triquis a autoridades morenistas de nulo di\u00e1logo y robo de mercanc\u00eda"},"content":{"rendered":"\n<p>Yuridiana Sosa\/Zona Roja.<\/p>\n\n\n\n<p>Oaxaca de Ju\u00e1rez, Oax., 7 de diciembre de 2022.- A cinco d\u00edas del desalojo del Palacio de Gobierno de Oaxaca a mujeres ind\u00edgenas triquis, ni el gobierno estatal de Salom\u00f3n Jara Cruz ni municipal de Francisco Mart\u00ednez Neri, ha devuelto las pertenencias aseguradas ni aceptado un di\u00e1logo con ellas.<\/p>\n\n\n\n<p>La lideresa Reina Mart\u00ednez, representante de un grupo de familias afectadas con el desalojo, apunt\u00f3 que ninguna autoridad los ha buscado al menos para abordar el asunto de sus mercanc\u00edas arrebatas la madrugada del 2 de diciembre, por lo que consideran interponer las denuncias oficiales correspondientes por robo contras el gobierno del estado y municipal.<\/p>\n\n\n\n<p>Este mi\u00e9rcoles las mujeres y ni\u00f1os se reunieron en el z\u00f3calo de la capital, frente a Palacio de Gobierno, para intentar tener un acercamiento con el nuevo gobierno emanado de Morena, sin embargo, hasta ahora s\u00f3lo han recibido burlas de sus trabajadores con el uso de sus prendas ind\u00edgenas decomisadas.<\/p>\n\n\n\n<p>\u201cSe burlaron de nosotros, nuestras prendas t\u00edpicas son como nuestra alma. Si eso hacen ahora lo har\u00e1n con los dem\u00e1s pueblos\u2026nos pisotearon como pueblos ind\u00edgenas, es todo lo contrario a los que dice ser Morena\u201d, manifest\u00f3 la lideresa,<\/p>\n\n\n\n<p>Pero dej\u00f3 en claro que ante esos actos tambi\u00e9n tienen dignidad y respeto para su etnia, mientras que Salom\u00f3n Jara elige mal al asignar para trabajar con el pueblo, con los ind\u00edgenas a personas que act\u00faan de mala fe, pero se dicen ser civilizados, con estudios y de categor\u00eda.<\/p>\n\n\n\n<p>Reina Mart\u00ednez agreg\u00f3 que no desistir\u00e1n de su lucha para regresar a su comunidad de San Juan Copala, lo que incluye denunciar ante el presidente de M\u00e9xico, Andr\u00e9s Manuel L\u00f3pez Obrador, los hechos de represi\u00f3n- como lo consideran- que han sufrido del gobierno del estado entrante y del gobierno capitalino de Oaxaca.<\/p>\n\n\n\n<p>Para llegar a la Ciudad de M\u00e9xico buscaron el apoyo de la nueva dirigencia de la Secci\u00f3n 22 del sindicato Nacional de Trabajadores de la Educaci\u00f3n (SNTE), para realizar una marcha -caravana a la para denunciar las acciones que consideran de represi\u00f3n que han sufrido del gobierno del estado entrante y del gobierno capitalino de Oaxaca.<\/p>\n\n\n\n<p>\u201cYa no queremos vivir m\u00e1s, como dicen, del gobierno, del z\u00f3calo. Tenemos nuestro pueblo, tenemos nuestras tierras, donde est\u00e1n nuestras ra\u00edces. Queremos incorporarnos a San Juan Copala\u201d, expres\u00f3 la mujer ind\u00edgena.<\/p>\n\n\n\n<figure class=\"wp-block-embed is-type-rich is-provider-twitter wp-block-embed-twitter\"><div class=\"wp-block-embed__wrapper\">\n<div class=\"twitter-tweet\"><blockquote class=\"twitter-tweet\" data-lang=\"es\"><p lang=\"es\" dir=\"ltr\">El grupo de triquis que encabeza Reina Mart\u00ednez anunci\u00f3 que interpondr\u00e1 una denuncia en contra del <a href=\"https:\/\/twitter.com\/GobOax?ref_src=twsrc%5Etfw\">@goboax<\/a> y del <a href=\"https:\/\/twitter.com\/MunicipioOaxaca?ref_src=twsrc%5Etfw\">@MunicipioOaxaca<\/a> por el desalojo violento del pasado viernes y la burla de inspectores al usar sus prendas decomisadas. <a href=\"https:\/\/t.co\/eoju2wlfJd\">pic.twitter.com\/eoju2wlfJd<\/a><\/p>&mdash; Zona Roja Oaxaca (@ZonaRoja_Oaxaca) <a href=\"https:\/\/twitter.com\/ZonaRoja_Oaxaca\/status\/1600624594406219776?ref_src=twsrc%5Etfw\">7 de diciembre de 2022<\/a><\/blockquote><\/div>\n<\/div><\/figure>\n","protected":false},"excerpt":{"rendered":"<p>Yuridiana Sosa\/Zona Roja. Oaxaca de Ju\u00e1rez, Oax., 7 de diciembre de 2022.- A cinco d\u00edas&hellip;<\/p>\n","protected":false},"author":2,"featured_media":48994,"comment_status":"closed","ping_status":"open","sticky":false,"template":"","format":"standard","meta":{"_lmt_disableupdate":"","_lmt_disable":"","_jetpack_memberships_contains_paid_content":false,"footnotes":""},"categories":[109,47],"tags":[2037],"class_list":["post-48992","post","type-post","status-publish","format-standard","has-post-thumbnail","hentry","category-minuto-a-minuto","category-zona-gris","tag-indigenas-triquis-copala"],"jetpack_featured_media_url":"https:\/\/zonaroja.com.mx\/wp-content\/uploads\/2022\/12\/Reina-Martinez-triquis-Copala.jpg","jetpack_sharing_enabled":true,"_links":{"self":[{"href":"https:\/\/zonaroja.com.mx\/index.php?rest_route=\/wp\/v2\/posts\/48992","targetHints":{"allow":["GET"]}}],"collection":[{"href":"https:\/\/zonaroja.com.mx\/index.php?rest_route=\/wp\/v2\/posts"}],"about":[{"href":"https:\/\/zonaroja.com.mx\/index.php?rest_route=\/wp\/v2\/types\/post"}],"author":[{"embeddable":true,"href":"https:\/\/zonaroja.com.mx\/index.php?rest_route=\/wp\/v2\/users\/2"}],"replies":[{"embeddable":true,"href":"https:\/\/zonaroja.com.mx\/index.php?rest_route=%2Fwp%2Fv2%2Fcomments&post=48992"}],"version-history":[{"count":1,"href":"https:\/\/zonaroja.com.mx\/index.php?rest_route=\/wp\/v2\/posts\/48992\/revisions"}],"predecessor-version":[{"id":48995,"href":"https:\/\/zonaroja.com.mx\/index.php?rest_route=\/wp\/v2\/posts\/48992\/revisions\/48995"}],"wp:featuredmedia":[{"embeddable":true,"href":"https:\/\/zonaroja.com.mx\/index.php?rest_route=\/wp\/v2\/media\/48994"}],"wp:attachment":[{"href":"https:\/\/zonaroja.com.mx\/index.php?rest_route=%2Fwp%2Fv2%2Fmedia&parent=48992"}],"wp:term":[{"taxonomy":"category","embeddable":true,"href":"https:\/\/zonaroja.com.mx\/index.php?rest_route=%2Fwp%2Fv2%2Fcategories&post=48992"},{"taxonomy":"post_tag","embeddable":true,"href":"https:\/\/zonaroja.com.mx\/index.php?rest_route=%2Fwp%2Fv2%2Ftags&post=48992"}],"curies":[{"name":"wp","href":"https:\/\/api.w.org\/{rel}","templated":true}]}}