{"id":48998,"date":"2022-12-07T22:29:31","date_gmt":"2022-12-08T04:29:31","guid":{"rendered":"http:\/\/www.zonaroja.com.mx\/?p=48998"},"modified":"2022-12-07T22:29:33","modified_gmt":"2022-12-08T04:29:33","slug":"septimo-dia-del-gobierno-de-jara-cruz-seis-protestas","status":"publish","type":"post","link":"https:\/\/zonaroja.com.mx\/?p=48998","title":{"rendered":"S\u00e9ptimo d\u00eda del gobierno de Jara Cruz: seis protestas"},"content":{"rendered":"\n<p>Redacci\u00f3n\/Zona Roja.<\/p>\n\n\n\n<p>Oaxaca de Ju\u00e1rez, Oax., a 7 de diciembre de 2022.- En el s\u00e9ptimo d\u00eda del gobierno de Salom\u00f3n Jara Cruz, seis protestas se acumularon en la entidad oaxaque\u00f1a, en su mayor\u00eda en la regi\u00f3n Valles Centrales.<\/p>\n\n\n\n<p>Mientras que por cuarto d\u00eda, contin\u00faa la retenci\u00f3n de dos mujeres en San Mart\u00edn Peras, por parte de un grupo de ciudadanos que con ello buscan obligar a la autoridad municipal a que convoque a elecciones.<\/p>\n\n\n\n<p>En la sede del Congreso del Estado, en San Raymundo Jalpan, un grupo de personas que se denomin\u00f3 uni\u00f3n de agencias municipales, se manifest\u00f3 por diversos motivos; fueron encabezados por un militante del Partido del Trabajo, Ju\u00e1rez.<\/p>\n\n\n\n<p>En Ciudad Administrativa, oficinas de gobierno ubicadas en Tlalixtac de Cabrera, y posteriormente frente al Palacio de Gobierno, integrantes del Consejo de Organizaciones Ambientales de Oaxaca protestaron para exigir una reuni\u00f3n con la secretaria del Medio Ambiente, a fin de exponer sus demandas.<\/p>\n\n\n\n<p>Mientras que en el z\u00f3calo de la capital, un grupo de ind\u00edgenas triquis, encabezados por Reina Mart\u00ednez, exigi\u00f3 di\u00e1logo con el gobierno, a seis d\u00edas del desalojo del portal del Palacio de Gobierno.<\/p>\n\n\n\n<p>Fueron recibidos en audiencia, pero acusaron que \u00fanicamente funcionarios menores de la Secretar\u00eda de Gobierno los atendieron, sin dar ninguna respuesta satisfactoria.<\/p>\n\n\n\n<p>Por segundo d\u00eda consecutivo, estudiantes normalistas \u201ctomaron\u201d camiones del transporte urbano y cerraron de manera temporal la avenida San Felipe, al norte de la capital.<\/p>\n\n\n\n<p>Mientras que por tercer d\u00eda consecutivo, contin\u00faa la protesta de trabajadores de la Direcci\u00f3n del Registro Civil, con demandas diversas, entre ellas la dotaci\u00f3n de material de trabajo.<\/p>\n\n\n\n<p>Y desde el inicio del actual sexenio, un grupo de sindicalizados se mantiene posesionado del edificio administrativo de los Servicios de Salud de Oaxaca, en la calle Violetas de la colonia Reforma; inicialmente hubo di\u00e1logo y acuerdo para retirarse, pero los funcionarios no cumplieron.<\/p>\n\n\n\n<p>Hasta el momento, la Secretar\u00eda de Gobierno, a cargo de Jes\u00fas Romero L\u00f3pez, s\u00f3lo ha informado de la liberaci\u00f3n de dos personas, retenidas desde el pasado 26 de noviembre, en San Andr\u00e9s Yaa, en la regi\u00f3n de la Sierra Ju\u00e1rez.<\/p>\n","protected":false},"excerpt":{"rendered":"<p>Redacci\u00f3n\/Zona Roja. Oaxaca de Ju\u00e1rez, Oax., a 7 de diciembre de 2022.- En el s\u00e9ptimo&hellip;<\/p>\n","protected":false},"author":2,"featured_media":48999,"comment_status":"closed","ping_status":"open","sticky":false,"template":"","format":"standard","meta":{"_lmt_disableupdate":"","_lmt_disable":"","_jetpack_memberships_contains_paid_content":false,"footnotes":""},"categories":[109,47],"tags":[2264],"class_list":["post-48998","post","type-post","status-publish","format-standard","has-post-thumbnail","hentry","category-minuto-a-minuto","category-zona-gris","tag-bloqueos-y-protestas-oaxaca"],"jetpack_featured_media_url":"https:\/\/zonaroja.com.mx\/wp-content\/uploads\/2022\/12\/Protesta-COAO-Ciudad-Administrativa.jpg","jetpack_sharing_enabled":true,"_links":{"self":[{"href":"https:\/\/zonaroja.com.mx\/index.php?rest_route=\/wp\/v2\/posts\/48998","targetHints":{"allow":["GET"]}}],"collection":[{"href":"https:\/\/zonaroja.com.mx\/index.php?rest_route=\/wp\/v2\/posts"}],"about":[{"href":"https:\/\/zonaroja.com.mx\/index.php?rest_route=\/wp\/v2\/types\/post"}],"author":[{"embeddable":true,"href":"https:\/\/zonaroja.com.mx\/index.php?rest_route=\/wp\/v2\/users\/2"}],"replies":[{"embeddable":true,"href":"https:\/\/zonaroja.com.mx\/index.php?rest_route=%2Fwp%2Fv2%2Fcomments&post=48998"}],"version-history":[{"count":1,"href":"https:\/\/zonaroja.com.mx\/index.php?rest_route=\/wp\/v2\/posts\/48998\/revisions"}],"predecessor-version":[{"id":49000,"href":"https:\/\/zonaroja.com.mx\/index.php?rest_route=\/wp\/v2\/posts\/48998\/revisions\/49000"}],"wp:featuredmedia":[{"embeddable":true,"href":"https:\/\/zonaroja.com.mx\/index.php?rest_route=\/wp\/v2\/media\/48999"}],"wp:attachment":[{"href":"https:\/\/zonaroja.com.mx\/index.php?rest_route=%2Fwp%2Fv2%2Fmedia&parent=48998"}],"wp:term":[{"taxonomy":"category","embeddable":true,"href":"https:\/\/zonaroja.com.mx\/index.php?rest_route=%2Fwp%2Fv2%2Fcategories&post=48998"},{"taxonomy":"post_tag","embeddable":true,"href":"https:\/\/zonaroja.com.mx\/index.php?rest_route=%2Fwp%2Fv2%2Ftags&post=48998"}],"curies":[{"name":"wp","href":"https:\/\/api.w.org\/{rel}","templated":true}]}}