{"id":49001,"date":"2022-12-08T07:25:00","date_gmt":"2022-12-08T13:25:00","guid":{"rendered":"http:\/\/www.zonaroja.com.mx\/?p=49001"},"modified":"2022-12-08T07:11:11","modified_gmt":"2022-12-08T13:11:11","slug":"aseguran-que-86-de-oaxaquenos-avala-recuperacion-del-zocalo","status":"publish","type":"post","link":"https:\/\/zonaroja.com.mx\/?p=49001","title":{"rendered":"Aseguran que 86% de oaxaque\u00f1os avala recuperaci\u00f3n del z\u00f3calo"},"content":{"rendered":"\n<p>Redacci\u00f3n\/Zona Roja.<\/p>\n\n\n\n<p>Oaxaca de Ju\u00e1rez, Oax., a 8 de diciembre de 2022.- De acuerdo con un estudio de opini\u00f3n realizado por la empresa De las Heras Demotecnia, el 86 por ciento de la poblaci\u00f3n oaxaque\u00f1a encuestada calific\u00f3 como una buena acci\u00f3n la recuperaci\u00f3n del z\u00f3calo de la ciudad de Oaxaca y el Palacio de Gobierno, pues permite a la ciudadan\u00eda ejercer su derecho al libre tr\u00e1nsito.<\/p>\n\n\n\n<p>De igual forma, en la encuesta se detalla que el 50% de la ciudadan\u00eda se consider\u00f3 beneficiada tras el retiro de las personas manifestantes originarias de la regi\u00f3n Triqui. Mientras que con esta acci\u00f3n, el 89% de personas entrevistadas asegur\u00f3 que la imagen de la ciudad de Oaxaca va a mejorar.<\/p>\n\n\n\n<p>A tan solo unos d\u00edas del inicio de la administraci\u00f3n del gobernador Salom\u00f3n Jara, y con el retiro de quienes se manifestaban, la encuesta se\u00f1ala que, en suma, el 63% por ciento de la poblaci\u00f3n cree que la opini\u00f3n hacia el mandatario oaxaque\u00f1o mejor\u00f3 o contin\u00faa igual de bien.<\/p>\n\n\n\n<p>Seg\u00fan han dado a conoces el Gobierno del Estado y el ayuntamiento, esta acci\u00f3n efectuada el pasado 2 de diciembre fue con estricto apego a derecho y que la ciudadan\u00eda, en su mayor\u00eda ve como un acierto.<\/p>\n\n\n\n<p>Incluso fue reconocida por el Presidente de M\u00e9xico, Andr\u00e9s Manuel L\u00f3pez Obrador, que la calific\u00f3 como necesaria, tras m\u00e1s de una d\u00e9cada de negativa de los manifestantes de liberar dicho espacio p\u00fablico.<\/p>\n\n\n\n<p>Durante esta primera semana del gobierno de Salom\u00f3n Jara Cruz, la ciudadan\u00eda oaxaque\u00f1a ha manifestado su respaldo hacia las primeras acciones de orden y gobernabilidad ejercidas, refieren.<\/p>\n","protected":false},"excerpt":{"rendered":"<p>Redacci\u00f3n\/Zona Roja. Oaxaca de Ju\u00e1rez, Oax., a 8 de diciembre de 2022.- De acuerdo con&hellip;<\/p>\n","protected":false},"author":2,"featured_media":49003,"comment_status":"closed","ping_status":"open","sticky":false,"template":"","format":"standard","meta":{"_lmt_disableupdate":"","_lmt_disable":"","_jetpack_memberships_contains_paid_content":false,"footnotes":""},"categories":[109,47],"tags":[],"class_list":["post-49001","post","type-post","status-publish","format-standard","has-post-thumbnail","hentry","category-minuto-a-minuto","category-zona-gris"],"jetpack_featured_media_url":"https:\/\/zonaroja.com.mx\/wp-content\/uploads\/2022\/12\/Palacio-de-Gobierno-1.jpg","jetpack_sharing_enabled":true,"_links":{"self":[{"href":"https:\/\/zonaroja.com.mx\/index.php?rest_route=\/wp\/v2\/posts\/49001","targetHints":{"allow":["GET"]}}],"collection":[{"href":"https:\/\/zonaroja.com.mx\/index.php?rest_route=\/wp\/v2\/posts"}],"about":[{"href":"https:\/\/zonaroja.com.mx\/index.php?rest_route=\/wp\/v2\/types\/post"}],"author":[{"embeddable":true,"href":"https:\/\/zonaroja.com.mx\/index.php?rest_route=\/wp\/v2\/users\/2"}],"replies":[{"embeddable":true,"href":"https:\/\/zonaroja.com.mx\/index.php?rest_route=%2Fwp%2Fv2%2Fcomments&post=49001"}],"version-history":[{"count":1,"href":"https:\/\/zonaroja.com.mx\/index.php?rest_route=\/wp\/v2\/posts\/49001\/revisions"}],"predecessor-version":[{"id":49004,"href":"https:\/\/zonaroja.com.mx\/index.php?rest_route=\/wp\/v2\/posts\/49001\/revisions\/49004"}],"wp:featuredmedia":[{"embeddable":true,"href":"https:\/\/zonaroja.com.mx\/index.php?rest_route=\/wp\/v2\/media\/49003"}],"wp:attachment":[{"href":"https:\/\/zonaroja.com.mx\/index.php?rest_route=%2Fwp%2Fv2%2Fmedia&parent=49001"}],"wp:term":[{"taxonomy":"category","embeddable":true,"href":"https:\/\/zonaroja.com.mx\/index.php?rest_route=%2Fwp%2Fv2%2Fcategories&post=49001"},{"taxonomy":"post_tag","embeddable":true,"href":"https:\/\/zonaroja.com.mx\/index.php?rest_route=%2Fwp%2Fv2%2Ftags&post=49001"}],"curies":[{"name":"wp","href":"https:\/\/api.w.org\/{rel}","templated":true}]}}