{"id":4901,"date":"2019-10-17T08:16:48","date_gmt":"2019-10-17T13:16:48","guid":{"rendered":"http:\/\/www.zonaroja.com.mx\/?p=4901"},"modified":"2019-10-17T08:16:51","modified_gmt":"2019-10-17T13:16:51","slug":"registro-sexenio-de-pena-nieto-448-mujeres-periodistas-agredidas-54-en-oaxaca","status":"publish","type":"post","link":"https:\/\/zonaroja.com.mx\/?p=4901","title":{"rendered":"Registr\u00f3 sexenio de Pe\u00f1a Nieto 448 mujeres periodistas agredidas; 54 en Oaxaca"},"content":{"rendered":"\n<p>Evlin Arag\u00f3n\/Zona Roja.<\/p>\n\n\n\n<p>Oaxaca de Ju\u00e1rez, Oax., 17 de octubre\nde 2019.- \u201cLas mujeres periodistas se enfrentan a contextos sumamente violentos\nal momento de realizar la cobertura noticiosa diaria y de investigaci\u00f3n\u201d. <\/p>\n\n\n\n<p>Con esta premisa inici\u00f3 la presentaci\u00f3n\ndel informe \u201cHerencia de un sexenio: simulaci\u00f3n y desplazamiento. Violencia\ncontra mujeres periodistas 2012-2018\u201d, elaborado por la asociaci\u00f3n civil\nComunicaci\u00f3n e Informaci\u00f3n de la Mujer (CIMAC).<\/p>\n\n\n\n<p>Intimidaciones, censuras, campa\u00f1as de\ndesprestigio, despidos a modo, violencia f\u00edsica y sexual, desplazamiento\nforzado y exilio son las principales violencias a las que se enfrentan\nprincipalmente las mujeres que se dedican al periodismo en el pa\u00eds y el estado.\n<\/p>\n\n\n\n<p>De acuerdo con el informe 448 mujeres\nperiodistas fueron agredidas en el sexenio de Enrique Pe\u00f1a Nieto, periodo en el\ncual se incrementaron los casos en un 341 por ciento con relaci\u00f3n a los\nregistrados en el sexenio de Felipe Calder\u00f3n Hinojosa.<\/p>\n\n\n\n<p>\u201cSer periodista en un estado donde\nimpera la violencia de g\u00e9nero es ser doble o triplemente vulnerable a los\nataques de cualquier tipo de violencia\u201d, refiere la periodista Citlalli L\u00f3pez\nVel\u00e1squez, quien adem\u00e1s dio a conocer que en Oaxaca 54 mujeres fueron agredidas\ndurante la administraci\u00f3n pe\u00f1ista, dos de ellas incluso asesinadas: Mar\u00eda del\nSol Cruz Jarquin y Judith Paula Santiago Ram\u00edrez, convirtiendo a la entidad en\nla que registra mayor n\u00famero de feminicidios de mujeres en los medios de\ncomunicaci\u00f3n.<\/p>\n\n\n\n<p>ALTO RIESGO<\/p>\n\n\n\n<figure class=\"wp-block-embed-twitter wp-block-embed is-type-rich is-provider-twitter\"><div class=\"wp-block-embed__wrapper\">\n<div class=\"twitter-tweet\"><blockquote class=\"twitter-tweet\" data-lang=\"es\"><p lang=\"es\" dir=\"ltr\">En la Facultad de Derecho de la <a href=\"https:\/\/twitter.com\/UABJO?ref_src=twsrc%5Etfw\">@UABJO<\/a> se lleva a cabo la presentaci\u00f3n del informe sobre violencia contra las mujeres periodistas en M\u00e9xico, \u201cSimulaci\u00f3n y desplazamiento\u201d; participan la autora Adriana Ramirez, <a href=\"https:\/\/twitter.com\/Pau_Rios_?ref_src=twsrc%5Etfw\">@Pau_Rios_<\/a> y Y\u00e9sica S\u00e1nchez Maya; modera <a href=\"https:\/\/twitter.com\/Citlali_Lopez_?ref_src=twsrc%5Etfw\">@Citlali_Lopez_<\/a>. <a href=\"https:\/\/t.co\/8fJbYfBWHa\">pic.twitter.com\/8fJbYfBWHa<\/a><\/p>&mdash; Zona Roja Oaxaca (@MexRoja) <a href=\"https:\/\/twitter.com\/MexRoja\/status\/1184594269333442560?ref_src=twsrc%5Etfw\">16 de octubre de 2019<\/a><\/blockquote><\/div>\n<\/div><\/figure>\n\n\n\n<p>Oaxaca se ha convertido en uno de los\ncinco estados donde el periodismo es una profesi\u00f3n de alto riesgo para las\nmujeres, \u00fanicamente por debajo de Ciudad de M\u00e9xico, Puebla, Veracruz y&nbsp; Coahuila, en la mayor\u00eda de los casos las periodistas\nse han enfrentado a campa\u00f1as de difamaci\u00f3n y desprestigio en el espacio\np\u00fablico.&nbsp; <\/p>\n\n\n\n<p>El documento presentado la tarde de\neste mi\u00e9rcoles, que pretende ser una radiograf\u00eda para visibilizar las\nviolencias y los impactos que \u00e9sta tiene, pone de manifiesto que los\nprincipales agresores de las mujeres periodistas son funcionarios p\u00fablicos de los\ntres \u00f3rdenes de gobierno, candidatos o militantes de alg\u00fan partido pol\u00edtico y\ngrupos armados civiles.<\/p>\n\n\n\n<p>Mientras que la fuente o cobertura con\nmayor riesgo son seguridad p\u00fablica y pol\u00edtica, investigaciones sobre\ncorrupci\u00f3n, lavado de dinero, estructuras criminales, tr\u00e1fico de influencias,\nmovimientos sociales, derechos humanos, desaparici\u00f3n y trata de personas.<\/p>\n\n\n\n<p>De acuerdo con Adriana Ram\u00edrez, representante de CIMAC, del total de las agresiones registradas durante el sexenio de Pe\u00f1a Nieto, 11 fueron feminicidios, 7 casos de desplazamiento forzado y dos exilios, estos \u00faltimos se hicieron presente en esta administraci\u00f3n debido a la impunidad al interior de las dependencias de procuraci\u00f3n de justicia.<\/p>\n\n\n\n<figure class=\"wp-block-embed-twitter wp-block-embed is-type-rich is-provider-twitter\"><div class=\"wp-block-embed__wrapper\">\n<div class=\"twitter-tweet\"><blockquote class=\"twitter-tweet\" data-lang=\"es\"><p lang=\"es\" dir=\"ltr\">(2) En la presentaci\u00f3n del estudio sobre violencia contra las mujeres, la representante de <a href=\"https:\/\/twitter.com\/Cimacnoticias?ref_src=twsrc%5Etfw\">@Cimacnoticias<\/a>, Adriana Ram\u00edrez, record\u00f3 el caso de <a href=\"https:\/\/twitter.com\/lucantoral?ref_src=twsrc%5Etfw\">@lucantoral<\/a>, exiliada por graves y constantes amenazas, cuyo caso sigue en la impunidad por parte de la <a href=\"https:\/\/twitter.com\/FISCALIA_GobOax?ref_src=twsrc%5Etfw\">@FISCALIA_GobOax<\/a>. <a href=\"https:\/\/t.co\/DPunpX2XX4\">pic.twitter.com\/DPunpX2XX4<\/a><\/p>&mdash; Zona Roja Oaxaca (@MexRoja) <a href=\"https:\/\/twitter.com\/MexRoja\/status\/1184661016145092608?ref_src=twsrc%5Etfw\">17 de octubre de 2019<\/a><\/blockquote><\/div>\n<\/div><\/figure>\n\n\n\n<p>OAXACA, GRAVE<\/p>\n\n\n\n<p>Durante la presentaci\u00f3n del informe Christian\nJim\u00e9nez, reportera de \u201cE Universal\u201d Oaxaca record\u00f3 que fue en septiembre del\n2018 cuando fue agredida f\u00edsicamente, luego de recibir una serie de amenazas\nque minimiz\u00f3 en un primer momento debido a la cobertura que realizaba de temas\nde g\u00e9nero.<\/p>\n\n\n\n<p>De acuerdo con la periodista despu\u00e9s de\nla agresi\u00f3n &#8211;que le ha dejado secuelas f\u00edsicas hasta el momento&#8211; puso su\ndenuncia.<\/p>\n\n\n\n<p>Sin embargo, a m\u00e1s de un a\u00f1o de los\nhechos el proceso no cuenta con ning\u00fan tipo de avance, las autoridades de\nprocuraci\u00f3n de justicia han sido inoperantes, el mecanismo federal de\nProtecci\u00f3n a Periodistas no ha contactado a la oaxaque\u00f1a, que \u00fanicamente\nrecibi\u00f3 apoyo de las organizaciones sociales.&nbsp;\n<\/p>\n\n\n\n<p>\u201cCuando eres parte de una estad\u00edstica comprendes que ya no te puedes quedar callada, que debes continuar siendo el v\u00ednculo para dar a conocer lo qu\u00e9 pasa d\u00eda a d\u00eda las mujeres al salir a la calle\u201d, manifest\u00f3 al momento de compartir su experiencia.<\/p>\n\n\n\n<figure class=\"wp-block-embed-twitter wp-block-embed is-type-rich is-provider-twitter\"><div class=\"wp-block-embed__wrapper\">\n<div class=\"twitter-tweet\"><blockquote class=\"twitter-tweet\" data-lang=\"es\"><p lang=\"es\" dir=\"ltr\">(3) La periodista <a href=\"https:\/\/twitter.com\/christyjd__?ref_src=twsrc%5Etfw\">@christyjd__<\/a> narr\u00f3 la violencia y agresi\u00f3n que sufri\u00f3 hace un a\u00f1o y un mes, y a la fecha la <a href=\"https:\/\/twitter.com\/FISCALIA_GobOax?ref_src=twsrc%5Etfw\">@FISCALIA_GobOax<\/a> no ha tenido ning\u00fan avance en las indagatorias, dijo, en la presentaci\u00f3n del informe sobre violencia contra las mujeres. <a href=\"https:\/\/t.co\/wBDvpLlgqB\">pic.twitter.com\/wBDvpLlgqB<\/a><\/p>&mdash; Zona Roja Oaxaca (@MexRoja) <a href=\"https:\/\/twitter.com\/MexRoja\/status\/1184681650300440576?ref_src=twsrc%5Etfw\">17 de octubre de 2019<\/a><\/blockquote><\/div>\n<\/div><\/figure>\n\n\n\n<p>EXILIADA EN EXTRANJERO<\/p>\n\n\n\n<p>Mientras que v\u00eda telef\u00f3nica, Ana Luisa\nCantoral, periodista oaxaque\u00f1a con m\u00e1s de 20 a\u00f1os de experiencia, relat\u00f3 que\ndebido a las amenazas de muerte que recibi\u00f3 se vio obligada a dejar el estado y\npedir asilo en el extranjero donde actualmente radica.<\/p>\n\n\n\n<p>Explic\u00f3 que fue despu\u00e9s de publicar y\ndarle seguimiento al caso de una joven mujer que fue rociada con gasolina y\nposteriormente le prendieron fuego, que empezaron las amenazas e intimidaci\u00f3n\nen su contra, de hecho asegur\u00f3 que personas encapuchadas se hac\u00edan presentes a\nlas afueras de su casa, acciones que no disminuyeron con el mecanismo de\nProtecci\u00f3n a Periodistas, por lo que recurri\u00f3 al desplazamiento forzado para\nsalvaguardar su integridad f\u00edsica y la de su familia.<\/p>\n\n\n\n<p>\u201cTristemente tuve que dejar mi casa, mis familia, mis amigos y el trabajo que tanto me gusta; ahora me encuentro en otro pa\u00eds y me siguen mandando amenazas pese a que ya cambi\u00e9 de numero y correo electr\u00f3nico, es incre\u00edble como siguen tratando de intimidar a quienes buscamos dar a conocer los injusticias sociales\u201d, dijo.<\/p>\n\n\n\n<figure class=\"wp-block-embed-twitter wp-block-embed is-type-rich is-provider-twitter\"><div class=\"wp-block-embed__wrapper\">\n<div class=\"twitter-tweet\"><blockquote class=\"twitter-tweet\" data-lang=\"es\"><p lang=\"es\" dir=\"ltr\">(4) La defensora de derechos humanos <a href=\"https:\/\/twitter.com\/YesicaS53127681?ref_src=twsrc%5Etfw\">@YesicaS53127681<\/a> narr\u00f3 que el fiscal <a href=\"https:\/\/twitter.com\/RVasconcelosM?ref_src=twsrc%5Etfw\">@RVasconcelosM<\/a> no atiende los casos y hay claros ejemplos de la impunidad y violencia contra las mujeres, entre ellos el de Mar\u00eda del Sol Cruz Jarqu\u00edn, hija de <a href=\"https:\/\/twitter.com\/jarquinedgar?ref_src=twsrc%5Etfw\">@jarquinedgar<\/a>. <a href=\"https:\/\/t.co\/nfRBGphHsy\">pic.twitter.com\/nfRBGphHsy<\/a><\/p>&mdash; Zona Roja Oaxaca (@MexRoja) <a href=\"https:\/\/twitter.com\/MexRoja\/status\/1184685414256238592?ref_src=twsrc%5Etfw\">17 de octubre de 2019<\/a><\/blockquote><\/div>\n<\/div><\/figure>\n\n\n\n<p>Dijo que los acosos provinieron de la\nSecretar\u00eda de Seguridad P\u00fablica y de la Fiscal\u00eda General del Estado; lament\u00f3 su\ndesplazamiento forzada por tiempo indefinido, pero a\u00fan m\u00e1s que no exista el\ncompromiso por parte de las autoridades para garantizar que pueda desempe\u00f1ar el\nejercicio period\u00edstico de forma segura y que le permita volver a Oaxaca.&nbsp;&nbsp; <\/p>\n\n\n\n<p>Las participantes en la presentaci\u00f3n\ndel informe, incluidas la periodista Paulina R\u00edos y la activista y defensora de\nderechos humanos, Yesica S\u00e1nchez Maya, coincidieron en la inoperancia del\nEstado para garantizar la seguridad de las periodistas, as\u00ed como en la\nimpunidad que a\u00fan impera y que impide que se haga justicia en los casos ya\nregistrados.<\/p>\n\n\n\n<p>Se record\u00f3 tambi\u00e9n el caso de Mar\u00eda del\nSol Cruz Jarqu\u00edn, cuya madre, la periodista Soledad Jarqu\u00edn, ha insistido en la\nnecesidad de que haya justicia, a a\u00f1o y medio del crimen de la fotoperidista.<\/p>\n\n\n\n<p>Asimismo, de la grave impunidad que\npermea en la Fiscal\u00eda General del Estado, cuyo titular, Rub\u00e9n Vasconcelos\nM\u00e9ndez, se niega incluso a recibir a las familias de las v\u00edctimas.<\/p>\n\n\n\n<p>De acuerdo con el documento, las periodistas han decidido apostar a organizarse para protegerse, la mayor\u00eda de las veces de manera informal, horizontal y solidaria, tarea que debe mantenerse incluso para exigir responsabilidad al Estado y los due\u00f1os de los medios de comunicaci\u00f3n a fin de que se mejoren las condiciones laborales en que se ejerce el periodismo en Oaxaca y el pa\u00eds.<\/p>\n\n\n\n<figure class=\"wp-block-embed-twitter wp-block-embed is-type-rich is-provider-twitter\"><div class=\"wp-block-embed__wrapper\">\n<div class=\"twitter-tweet\"><blockquote class=\"twitter-tweet\" data-lang=\"es\"><p lang=\"es\" dir=\"ltr\">(5) Desde el extranjero y v\u00eda telef\u00f3nica, en la presentaci\u00f3n del informe \u201cSimulaci\u00f3n y desplazamiento\u201d, se contact\u00f3 a la periodista <a href=\"https:\/\/twitter.com\/lucantoral?ref_src=twsrc%5Etfw\">@lucantoral<\/a>, quien tambi\u00e9n narr\u00f3 ataques desde de la <a href=\"https:\/\/twitter.com\/FISCALIA_GobOax?ref_src=twsrc%5Etfw\">@FISCALIA_GobOax<\/a> y la <a href=\"https:\/\/twitter.com\/SSP_GobOax?ref_src=twsrc%5Etfw\">@SSP_GobOax<\/a>; ante amenazas e impunidad, tuvo que salir del pa\u00eds. <a href=\"https:\/\/t.co\/Am2GvtbbMR\">pic.twitter.com\/Am2GvtbbMR<\/a><\/p>&mdash; Zona Roja Oaxaca (@MexRoja) <a href=\"https:\/\/twitter.com\/MexRoja\/status\/1184687948895141889?ref_src=twsrc%5Etfw\">17 de octubre de 2019<\/a><\/blockquote><\/div>\n<\/div><\/figure>\n","protected":false},"excerpt":{"rendered":"<p>Evlin Arag\u00f3n\/Zona Roja. Oaxaca de Ju\u00e1rez, Oax., 17 de octubre de 2019.- \u201cLas mujeres periodistas&hellip;<\/p>\n","protected":false},"author":2,"featured_media":4902,"comment_status":"closed","ping_status":"open","sticky":false,"template":"","format":"standard","meta":{"_lmt_disableupdate":"","_lmt_disable":"","_jetpack_memberships_contains_paid_content":false,"footnotes":""},"categories":[109,51],"tags":[879,494,880],"class_list":["post-4901","post","type-post","status-publish","format-standard","has-post-thumbnail","hentry","category-minuto-a-minuto","category-zona-roja","tag-comunicacion-e-informacion-de-la-mujer-cimac","tag-fiscalia-general-del-estado-de-oaxaca","tag-violencia-contra-mujeres-periodistas"],"jetpack_featured_media_url":"https:\/\/zonaroja.com.mx\/wp-content\/uploads\/2019\/10\/3c9843ab-001b-4f16-bfe8-4b30304e47ff.jpg","jetpack_sharing_enabled":true,"_links":{"self":[{"href":"https:\/\/zonaroja.com.mx\/index.php?rest_route=\/wp\/v2\/posts\/4901","targetHints":{"allow":["GET"]}}],"collection":[{"href":"https:\/\/zonaroja.com.mx\/index.php?rest_route=\/wp\/v2\/posts"}],"about":[{"href":"https:\/\/zonaroja.com.mx\/index.php?rest_route=\/wp\/v2\/types\/post"}],"author":[{"embeddable":true,"href":"https:\/\/zonaroja.com.mx\/index.php?rest_route=\/wp\/v2\/users\/2"}],"replies":[{"embeddable":true,"href":"https:\/\/zonaroja.com.mx\/index.php?rest_route=%2Fwp%2Fv2%2Fcomments&post=4901"}],"version-history":[{"count":1,"href":"https:\/\/zonaroja.com.mx\/index.php?rest_route=\/wp\/v2\/posts\/4901\/revisions"}],"predecessor-version":[{"id":4903,"href":"https:\/\/zonaroja.com.mx\/index.php?rest_route=\/wp\/v2\/posts\/4901\/revisions\/4903"}],"wp:featuredmedia":[{"embeddable":true,"href":"https:\/\/zonaroja.com.mx\/index.php?rest_route=\/wp\/v2\/media\/4902"}],"wp:attachment":[{"href":"https:\/\/zonaroja.com.mx\/index.php?rest_route=%2Fwp%2Fv2%2Fmedia&parent=4901"}],"wp:term":[{"taxonomy":"category","embeddable":true,"href":"https:\/\/zonaroja.com.mx\/index.php?rest_route=%2Fwp%2Fv2%2Fcategories&post=4901"},{"taxonomy":"post_tag","embeddable":true,"href":"https:\/\/zonaroja.com.mx\/index.php?rest_route=%2Fwp%2Fv2%2Ftags&post=4901"}],"curies":[{"name":"wp","href":"https:\/\/api.w.org\/{rel}","templated":true}]}}