{"id":49012,"date":"2022-12-08T10:40:00","date_gmt":"2022-12-08T16:40:00","guid":{"rendered":"http:\/\/www.zonaroja.com.mx\/?p=49012"},"modified":"2022-12-08T07:41:00","modified_gmt":"2022-12-08T13:41:00","slug":"opinion-que-haran-en-el-poder","status":"publish","type":"post","link":"https:\/\/zonaroja.com.mx\/?p=49012","title":{"rendered":"Opini\u00f3n. \u00bfQu\u00e9 har\u00e1n en el poder?"},"content":{"rendered":"\n<p>N\u00e9stor Y. S\u00e1nchez Islas<\/p>\n\n\n\n<p>No fue con Gabino Cu\u00e9, es hasta ahora que la generaci\u00f3n de aquellos que protagonizaron el martirio de Oaxaca en 2006 ha tomado el poder plenamente. Por un lado, Salom\u00f3n Jara como gobernador,&nbsp;por el otro Aracely P\u00e9rez Mart\u00ednez al frente de la Secci\u00f3n 22, los poderes hegem\u00f3nicos en Oaxaca, sumado a Francisco Neri en la presidencia municipal de la capital.<\/p>\n\n\n\n<p>En las redes sociales se han manifestado muchos simpatizantes de aquella asonada sindical a la que algunos calificaron de revuelta social. La llegada del nuevo gobernador lo ven como&nbsp;el triunfo y&nbsp;la culminaci\u00f3n de su lucha.<\/p>\n\n\n\n<p>Si esto se considera as\u00ed se deben venir cambios muy importantes para nuestra tierra porque, en los hechos, quienes se asumieron en resistencia contra el sistema lo vencieron en las urnas y hoy son gobierno, por lo tanto, son el sistema a partir de ahora, ya no son v\u00edctimas.<\/p>\n\n\n\n<p>Las posturas contra el gobierno, que m\u00e1s bien fueron contra la propia gente de Oaxaca, fueron inspiradas e importadas de los fil\u00f3sofos europeos, principalmente franceses, que despu\u00e9s de la Segunda Guerra Mundial se lanzaron contra&nbsp;el propio occidente y su modelo liberal. En \u00c1frica y Asia se luch\u00f3 contra el colonialismo, en Europa del&nbsp;este contra la dictadura comunista que los oprim\u00eda y en Am\u00e9rica Latina contra las dictaduras respaldas por los Estados Unidos.<\/p>\n\n\n\n<p>Cuando el Muro de Berl\u00edn cay\u00f3 y se hizo evidente el fracaso del socialismo y del comunismo se impuso el modelo econ\u00f3mico globalizador llamado neoliberalismo como una expresi\u00f3n de un capitalismo salvaje que ha hecho m\u00e1s ricos a los ricos y pobres a los pobres.<\/p>\n\n\n\n<p>La imposici\u00f3n hegem\u00f3nica de este modelo econ\u00f3mico abri\u00f3 paso al reinado de los enormes capitales por encima del poder de Estados y empresas. Los grandes fondos de inversi\u00f3n, aliados con organismos con el Banco Mundial o el FMI impusieron a los pa\u00edses que necesitan recursos las condiciones que quisieron.&nbsp;<\/p>\n\n\n\n<p>Esta imposici\u00f3n de dr\u00e1sticas medidas econ\u00f3micas empobreci\u00f3 a una gran parte de los mexicanos, pero tambi\u00e9n ayud\u00f3 al desarrollo de nuestro pa\u00eds. Contra estas medidas econ\u00f3micas y contra el antiguo poderoso e invencible PRI se lanzaron a la calle quienes hoy tienen el gobierno en sus manos.<\/p>\n\n\n\n<p>Introdujeron en sus discursos conceptos como \u201cdominaci\u00f3n, hegemon\u00eda, colonialismo, imperialismo&nbsp;o dignidad\u201d para obtener respaldo popular. Viene ahora lo importante, saber si&nbsp;sabr\u00e1n&nbsp;manejar el poder para cumplir con alguna&nbsp;de las promesas y sue\u00f1os que prometieron.&nbsp;<\/p>\n\n\n\n<p>Ser\u00e1 dif\u00edcil, la gente est\u00e1 desgastada por sus a\u00f1os de \u201clucha\u201d&nbsp;y todo los abusos y excesos cometidos&nbsp;y, a pesar de haber obtenido 700 mil votos no tienen a toda la gente de su lado, es inevitable que encuentren&nbsp;resistencia.&nbsp;<\/p>\n\n\n\n<p>Lo que no sabemos es como enfrentar\u00e1n la natural oposici\u00f3n que habr\u00e1: negociando, haciendo toda clase de \u201cconcertacesiones\u201d lubricadas por la corrupci\u00f3n, resolviendo de inmediato como lo ped\u00edan cuando eran oposici\u00f3n, ignorando o&nbsp;simplemente aplicando la mano dura apoyados en la Guardia Nacional, el ej\u00e9rcito y las polic\u00edas locales.<\/p>\n\n\n\n<p>No deben olvidar que, aunque nos consideren opositores seguimos teniendo derechos y el derecho a tener derechos y que por encima de lo \u201csocial\u201d est\u00e1 nuestra dignidad como seres humanos. El respecto que pidieron es el mismo al que deber\u00e1n honrar ahora porque somos sujetos y tenemos valores y no solo un&nbsp;conjunto de problemas a los que hay que eliminar.<\/p>\n\n\n\n<p>El fracaso del presidente L\u00f3pez Obrador en cumplir todo lo que ofreci\u00f3 como opositor probablemente se reproduzca en Oaxaca. El uso de promesas montados en movimientos ecologistas, feministas&nbsp;o indigenistas lo deber\u00e1n cumplir con perspectivas de futuro, madurez y equilibrio y no dej\u00e1ndose llevar por emociones ideol\u00f3gicas que, indudablemente, los&nbsp;convertir\u00edan&nbsp;en los nuevos opresores&nbsp;a los que habr\u00eda que combatir.<\/p>\n\n\n\n<p>Esperamos que este nuevo r\u00e9gimen sea una puerta hacia la democracia, la reconciliaci\u00f3n, la integraci\u00f3n no solo entre nosotros sino con la naturaleza a la que estamos arrasando, dejar atr\u00e1s la dicotom\u00eda de lo funcional contra lo disfuncional o la guerra&nbsp;o&nbsp;la paz.&nbsp;De nada servir\u00e1&nbsp;que este gobierno entrante haya derribado un muro para construir otro igual de injusto que el anterior que se&nbsp;apropi\u00f3&nbsp;de&nbsp;las oportunidades y el presupuesto que era para beneficio de Oaxaca.<\/p>\n\n\n\n<p>DESALOJO<\/p>\n\n\n\n<p>La noticia fue el cambio de gobierno, la nota fue el desalojo de los triquis de los corredores del palacio. Un&nbsp;clavado&nbsp;por las redes sociales muestra el tama\u00f1o de la importancia que la gente le dio al asunto y la enorme aprobaci\u00f3n que tuvo, lo que repercutir\u00e1 en un fortalecimiento del presidente Neri, quien a estado a punto de ser ahogado por la basura.<\/p>\n\n\n\n<p>Oaxaca reconoce y agradece que los hayan quitado, su permanencia era profundamente rechazada desde hace a\u00f1os. Su presencia ya no significaba el grito de auxilio pidiendo justicia sino la burla de un peque\u00f1o grupo que se convirti\u00f3 en una mafia que se burl\u00f3 de la ciudad que los cobij\u00f3. No deben volver, ni ellos ni otros en su lugar.<\/p>\n\n\n\n<p>Twitter @nestoryuri<\/p>\n","protected":false},"excerpt":{"rendered":"<p>N\u00e9stor Y. S\u00e1nchez Islas No fue con Gabino Cu\u00e9, es hasta ahora que la generaci\u00f3n&hellip;<\/p>\n","protected":false},"author":2,"featured_media":41861,"comment_status":"closed","ping_status":"open","sticky":false,"template":"","format":"standard","meta":{"_lmt_disableupdate":"","_lmt_disable":"","_jetpack_memberships_contains_paid_content":false,"footnotes":""},"categories":[456,109],"tags":[3050],"class_list":["post-49012","post","type-post","status-publish","format-standard","has-post-thumbnail","hentry","category-columna","category-minuto-a-minuto","tag-nestor-yuri-sanchez"],"jetpack_featured_media_url":"https:\/\/zonaroja.com.mx\/wp-content\/uploads\/2022\/05\/Opinion-Nestor-Yuri-Sanchez-Islas.jpg","jetpack_sharing_enabled":true,"_links":{"self":[{"href":"https:\/\/zonaroja.com.mx\/index.php?rest_route=\/wp\/v2\/posts\/49012","targetHints":{"allow":["GET"]}}],"collection":[{"href":"https:\/\/zonaroja.com.mx\/index.php?rest_route=\/wp\/v2\/posts"}],"about":[{"href":"https:\/\/zonaroja.com.mx\/index.php?rest_route=\/wp\/v2\/types\/post"}],"author":[{"embeddable":true,"href":"https:\/\/zonaroja.com.mx\/index.php?rest_route=\/wp\/v2\/users\/2"}],"replies":[{"embeddable":true,"href":"https:\/\/zonaroja.com.mx\/index.php?rest_route=%2Fwp%2Fv2%2Fcomments&post=49012"}],"version-history":[{"count":1,"href":"https:\/\/zonaroja.com.mx\/index.php?rest_route=\/wp\/v2\/posts\/49012\/revisions"}],"predecessor-version":[{"id":49013,"href":"https:\/\/zonaroja.com.mx\/index.php?rest_route=\/wp\/v2\/posts\/49012\/revisions\/49013"}],"wp:featuredmedia":[{"embeddable":true,"href":"https:\/\/zonaroja.com.mx\/index.php?rest_route=\/wp\/v2\/media\/41861"}],"wp:attachment":[{"href":"https:\/\/zonaroja.com.mx\/index.php?rest_route=%2Fwp%2Fv2%2Fmedia&parent=49012"}],"wp:term":[{"taxonomy":"category","embeddable":true,"href":"https:\/\/zonaroja.com.mx\/index.php?rest_route=%2Fwp%2Fv2%2Fcategories&post=49012"},{"taxonomy":"post_tag","embeddable":true,"href":"https:\/\/zonaroja.com.mx\/index.php?rest_route=%2Fwp%2Fv2%2Ftags&post=49012"}],"curies":[{"name":"wp","href":"https:\/\/api.w.org\/{rel}","templated":true}]}}