{"id":49014,"date":"2022-12-08T08:22:02","date_gmt":"2022-12-08T14:22:02","guid":{"rendered":"http:\/\/www.zonaroja.com.mx\/?p=49014"},"modified":"2022-12-08T08:22:04","modified_gmt":"2022-12-08T14:22:04","slug":"mexico-violento-masacre-en-tamaulipas-y-rescate-en-reclusorio-de-guerrero","status":"publish","type":"post","link":"https:\/\/zonaroja.com.mx\/?p=49014","title":{"rendered":"M\u00e9xico violento: masacre en Tamaulipas y rescate en reclusorio de Guerrero"},"content":{"rendered":"\n<p>Redacci\u00f3n\/Zona Roja.<\/p>\n\n\n\n<p>Oaxaca de Ju\u00e1rez, Oax., a 8 de diciembre de 2022.- Al menos ocho personas murieron, entre ellas un militar, por un enfrentamiento armado en Tamaulipas, mientras que en Guerrero un grupo criminal ingres\u00f3 de manera violenta a un reclusorio para rescatar a un detenido.<\/p>\n\n\n\n<p>Ayer por la ma\u00f1ana en la ciudad de Nuevo Laredo, Tamaulipas, polic\u00edas y militares se enfrentaron en la carretera que conduce a Monterrey.<\/p>\n\n\n\n<p>Siete de las v\u00edctimas son presuntamente integrantes del C\u00e1rtel del Noreste (CDN), mientras que uno es miembro del Ej\u00e9rcito Mexicano.<\/p>\n\n\n\n<p>De acuerdo con la Secretar\u00eda de Seguridad estatal desde los primeros minutos de ayer se report\u00f3 una agresi\u00f3n contra militares<\/p>\n\n\n\n<p>Por otra parte, hombres armados irrumpieron en el reclusorio del municipio de Coyuca de Catal\u00e1n, Guerrero, donde sometieron al personal de custodia y se llevaron a un hombre que hab\u00eda ingresado por el delito de secuestro.<\/p>\n\n\n\n<p>A trav\u00e9s de un comunicado, la Secretar\u00eda de Seguridad P\u00fablica del gobierno del estado inform\u00f3 que el hecho ocurri\u00f3 la ma\u00f1ana de este mi\u00e9rcoles y ya es investigado por la Fiscal\u00eda General del Estado.<\/p>\n\n\n\n<p>La dependencia refiri\u00f3 que sujetos armados y vestidos con ropa militar ingresaron al penal, despojaron de su armamento a custodios y guardias, y sustrajeron al detenido identificado como Samuel \u201cN\u201d.<\/p>\n","protected":false},"excerpt":{"rendered":"<p>Redacci\u00f3n\/Zona Roja. Oaxaca de Ju\u00e1rez, Oax., a 8 de diciembre de 2022.- Al menos ocho&hellip;<\/p>\n","protected":false},"author":2,"featured_media":49015,"comment_status":"closed","ping_status":"open","sticky":false,"template":"","format":"standard","meta":{"_lmt_disableupdate":"","_lmt_disable":"","_jetpack_memberships_contains_paid_content":false,"footnotes":""},"categories":[109,51],"tags":[1746],"class_list":["post-49014","post","type-post","status-publish","format-standard","has-post-thumbnail","hentry","category-minuto-a-minuto","category-zona-roja","tag-violencia-en-mexico"],"jetpack_featured_media_url":"https:\/\/zonaroja.com.mx\/wp-content\/uploads\/2022\/12\/Balacera-Nuevo-Laredo.jpeg","jetpack_sharing_enabled":true,"_links":{"self":[{"href":"https:\/\/zonaroja.com.mx\/index.php?rest_route=\/wp\/v2\/posts\/49014","targetHints":{"allow":["GET"]}}],"collection":[{"href":"https:\/\/zonaroja.com.mx\/index.php?rest_route=\/wp\/v2\/posts"}],"about":[{"href":"https:\/\/zonaroja.com.mx\/index.php?rest_route=\/wp\/v2\/types\/post"}],"author":[{"embeddable":true,"href":"https:\/\/zonaroja.com.mx\/index.php?rest_route=\/wp\/v2\/users\/2"}],"replies":[{"embeddable":true,"href":"https:\/\/zonaroja.com.mx\/index.php?rest_route=%2Fwp%2Fv2%2Fcomments&post=49014"}],"version-history":[{"count":1,"href":"https:\/\/zonaroja.com.mx\/index.php?rest_route=\/wp\/v2\/posts\/49014\/revisions"}],"predecessor-version":[{"id":49016,"href":"https:\/\/zonaroja.com.mx\/index.php?rest_route=\/wp\/v2\/posts\/49014\/revisions\/49016"}],"wp:featuredmedia":[{"embeddable":true,"href":"https:\/\/zonaroja.com.mx\/index.php?rest_route=\/wp\/v2\/media\/49015"}],"wp:attachment":[{"href":"https:\/\/zonaroja.com.mx\/index.php?rest_route=%2Fwp%2Fv2%2Fmedia&parent=49014"}],"wp:term":[{"taxonomy":"category","embeddable":true,"href":"https:\/\/zonaroja.com.mx\/index.php?rest_route=%2Fwp%2Fv2%2Fcategories&post=49014"},{"taxonomy":"post_tag","embeddable":true,"href":"https:\/\/zonaroja.com.mx\/index.php?rest_route=%2Fwp%2Fv2%2Ftags&post=49014"}],"curies":[{"name":"wp","href":"https:\/\/api.w.org\/{rel}","templated":true}]}}