{"id":49017,"date":"2022-12-08T11:23:00","date_gmt":"2022-12-08T17:23:00","guid":{"rendered":"http:\/\/www.zonaroja.com.mx\/?p=49017"},"modified":"2022-12-08T08:25:00","modified_gmt":"2022-12-08T14:25:00","slug":"preocupan-a-onu-los-riesgos-por-tren-maya","status":"publish","type":"post","link":"https:\/\/zonaroja.com.mx\/?p=49017","title":{"rendered":"Preocupan a ONU los riesgos por Tren Maya"},"content":{"rendered":"\n<p>Redacci\u00f3n\/Zona Roja Cdmx.<\/p>\n\n\n\n<p>Ciudad de M\u00e9xico, a 8 de diciembre de 2022.- Expertos de la Organizaci\u00f3n de Naciones Unidas (ONU) expresaron su preocupaci\u00f3n por las obras que se est\u00e1n llevando a cabo para construir el Tren Maya en el sureste mexicano, ya que afirmaron que pone en riesgo los derechos humanos de los pobladores de la zona.<\/p>\n\n\n\n<p>Un grupo de 13 expertos internacionales envi\u00f3 un comunicado al gobierno mexicano para se\u00f1alar estos riesgos que representa la obra para la vida de las personas en la pen\u00ednsula de Yucat\u00e1n.<\/p>\n\n\n\n<p>Seg\u00fan los expertos, est\u00e1n \u201cen peligro los derechos de los pueblos ind\u00edgenas y otras comunidades a la tierra y los recursos naturales, los derechos culturales y el derecho a un medio ambiente sano y sostenible\u201d.<\/p>\n\n\n\n<p>Adem\u00e1s, sostuvieron que los defensores de derechos humanos que han alzado la voz sobre este tema han recibido amenazas y ataques, adem\u00e1s de que no tienen un acceso seguro a un tribunal independiente e imparcial.<\/p>\n\n\n\n<p>\u201cComo proyecto dirigido por el Estado, el gobierno mexicano deber\u00eda tomar medidas adicionales para garantizar el respeto de los derechos humanos y el medio ambiente\u201d, decretaron.<\/p>\n\n\n\n<p>Asimismo, criticaron que el proyecto haya sido nombrado como de seguridad nacional, motivo por el cual se est\u00e1n derogando procedimientos para la protecci\u00f3n del medio ambiente y de los derechos humanos.<\/p>\n\n\n\n<p>\u201cEste cambio de estatus del proyecto, dirigido por el Estado, no permite a M\u00e9xico eludir su obligaci\u00f3n internacional de respetar, proteger y cumplir los derechos humanos de las personas afectadas por este megaproyecto y de proteger el medio ambiente\u201d, aseguraron.<\/p>\n\n\n\n<p>(Informaci\u00f3n de \u201cEl Financiero\u201d)<\/p>\n","protected":false},"excerpt":{"rendered":"<p>Redacci\u00f3n\/Zona Roja Cdmx. Ciudad de M\u00e9xico, a 8 de diciembre de 2022.- Expertos de la&hellip;<\/p>\n","protected":false},"author":2,"featured_media":36668,"comment_status":"closed","ping_status":"open","sticky":false,"template":"","format":"standard","meta":{"_lmt_disableupdate":"","_lmt_disable":"","_jetpack_memberships_contains_paid_content":false,"footnotes":""},"categories":[109,47],"tags":[1730],"class_list":["post-49017","post","type-post","status-publish","format-standard","has-post-thumbnail","hentry","category-minuto-a-minuto","category-zona-gris","tag-tren-maya"],"jetpack_featured_media_url":"https:\/\/zonaroja.com.mx\/wp-content\/uploads\/2022\/01\/Tren-Maya-AMLO.jpg","jetpack_sharing_enabled":true,"_links":{"self":[{"href":"https:\/\/zonaroja.com.mx\/index.php?rest_route=\/wp\/v2\/posts\/49017","targetHints":{"allow":["GET"]}}],"collection":[{"href":"https:\/\/zonaroja.com.mx\/index.php?rest_route=\/wp\/v2\/posts"}],"about":[{"href":"https:\/\/zonaroja.com.mx\/index.php?rest_route=\/wp\/v2\/types\/post"}],"author":[{"embeddable":true,"href":"https:\/\/zonaroja.com.mx\/index.php?rest_route=\/wp\/v2\/users\/2"}],"replies":[{"embeddable":true,"href":"https:\/\/zonaroja.com.mx\/index.php?rest_route=%2Fwp%2Fv2%2Fcomments&post=49017"}],"version-history":[{"count":1,"href":"https:\/\/zonaroja.com.mx\/index.php?rest_route=\/wp\/v2\/posts\/49017\/revisions"}],"predecessor-version":[{"id":49018,"href":"https:\/\/zonaroja.com.mx\/index.php?rest_route=\/wp\/v2\/posts\/49017\/revisions\/49018"}],"wp:featuredmedia":[{"embeddable":true,"href":"https:\/\/zonaroja.com.mx\/index.php?rest_route=\/wp\/v2\/media\/36668"}],"wp:attachment":[{"href":"https:\/\/zonaroja.com.mx\/index.php?rest_route=%2Fwp%2Fv2%2Fmedia&parent=49017"}],"wp:term":[{"taxonomy":"category","embeddable":true,"href":"https:\/\/zonaroja.com.mx\/index.php?rest_route=%2Fwp%2Fv2%2Fcategories&post=49017"},{"taxonomy":"post_tag","embeddable":true,"href":"https:\/\/zonaroja.com.mx\/index.php?rest_route=%2Fwp%2Fv2%2Ftags&post=49017"}],"curies":[{"name":"wp","href":"https:\/\/api.w.org\/{rel}","templated":true}]}}