{"id":49021,"date":"2022-12-08T16:12:32","date_gmt":"2022-12-08T22:12:32","guid":{"rendered":"http:\/\/www.zonaroja.com.mx\/?p=49021"},"modified":"2022-12-08T16:12:34","modified_gmt":"2022-12-08T22:12:34","slug":"niega-la-seccion-22-voto-de-confianza-a-jara-tras-reunion-con-gobernador","status":"publish","type":"post","link":"https:\/\/zonaroja.com.mx\/?p=49021","title":{"rendered":"Niega la Secci\u00f3n 22 voto de confianza a Jara, tras reuni\u00f3n con gobernador"},"content":{"rendered":"\n<p>Yuridiana Sosa\/Zona Roja.<\/p>\n\n\n\n<p>Oaxaca de Ju\u00e1rez, Oax., 8 de diciembre de 2022.- La dirigencia de la Secci\u00f3n 22 del SNTE sostuvo este jueves su primer encuentro con el gobernador Salom\u00f3n Jara Cruz y su gabinete en Palacio de Gobierno, donde ambos fijaron posturas, pero coincidieron en que no habr\u00e1 intermediarios de ninguna de las partes para las negociaciones.<\/p>\n\n\n\n<p>La reuni\u00f3n fue de car\u00e1cter de presentaci\u00f3n de la nueva dirigencia, as\u00ed como del Gobierno del Estado al magisterio. Fue de protocolo, de evidenciar sus posicionamientos respecto a sus formas de trabajo y promesas del ejecutivo para una mejor educaci\u00f3n en Oaxaca.<\/p>\n\n\n\n<p>Para este encuentro, a una semana de la llegada del nuevo gobierno, la gremial llev\u00f3 a cabo una segunda movilizaci\u00f3n para demostrar al gobierno entrante que la Secci\u00f3n 22 del SNTE est\u00e1 viva.<\/p>\n\n\n\n<p>A trav\u00e9s del pleno del Comit\u00e9 Ejecutivo Seccional, Organismos Auxiliares y Espacios Ganados, as\u00ed como el acompa\u00f1amiento del 20 por ciento del magisterio en Valles Centrales, la gremial lleg\u00f3 en marcha, envuelta en consignas, al recinto del Ejecutivo.<\/p>\n\n\n\n<p>Al interior integrantes del gabinete legal y ampliado, encabezado por el gobernador Salom\u00f3n Jara Cruz, los recibieron.\u00a0<\/p>\n\n\n\n<figure class=\"wp-block-embed is-type-rich is-provider-twitter wp-block-embed-twitter\"><div class=\"wp-block-embed__wrapper\">\n<div class=\"twitter-tweet\"><blockquote class=\"twitter-tweet\" data-lang=\"es\"><p lang=\"es\" dir=\"ltr\"><a href=\"https:\/\/twitter.com\/hashtag\/ENVIVO?src=hash&amp;ref_src=twsrc%5Etfw\">#ENVIVO<\/a> <br>Oaxaca de Ju\u00e1rez, Oax., a 8 de diciembre de 2022.- Sale dirigencia y estructura sindical de la Secci\u00f3n 22 del SNTE de la reuni\u00f3n con el gobernador <a href=\"https:\/\/twitter.com\/salomonj?ref_src=twsrc%5Etfw\">@salomonj<\/a>, efectuada en el Palacio de Gobierno. <br><br>Informan resultados a las bases. <br>Transmisi\u00f3n \ud83d\udc47<a href=\"https:\/\/t.co\/tlUvX8kC4h\">https:\/\/t.co\/tlUvX8kC4h<\/a> <a href=\"https:\/\/t.co\/CzSaPHpXHx\">pic.twitter.com\/CzSaPHpXHx<\/a><\/p>&mdash; Zona Roja Oaxaca (@ZonaRoja_Oaxaca) <a href=\"https:\/\/twitter.com\/ZonaRoja_Oaxaca\/status\/1600913418625503234?ref_src=twsrc%5Etfw\">8 de diciembre de 2022<\/a><\/blockquote><\/div>\n<\/div><\/figure>\n\n\n\n<p>La Secretaria General de la Secci\u00f3n 22 del SNTE, Yenny Aracely P\u00e9rez Mart\u00ednez, fue la primera en emitir su mensaje; lo hizo desde el podio instalado en medio de las secciones habilitadas, una para el magisterio y otra para el Poder Ejecutivo; una frente a otra. Despu\u00e9s lo hizo el mandatario estatal para concluir la reuni\u00f3n.<\/p>\n\n\n\n<p>SIN INTERMEDIARIOS Y A LA ESPERA DE MESA DE NEGOCIACI\u00d3N<\/p>\n\n\n\n<p>La dirigente magisterial, Yenny Aracely P\u00e9rez Mart\u00ednez, se\u00f1al\u00f3 que la representaci\u00f3n sindical es la \u00fanica que mantendr\u00e1 interlocuci\u00f3n y negociaci\u00f3n con el Gobierno del Estado, por lo que ning\u00fan otro integrante seccional, o de alg\u00fan grupo pol\u00edtico, podr\u00e1 hablar\u00e1, negociar\u00e1 o tendr\u00e1 interlocuci\u00f3n a nombre de la Secci\u00f3n 22.<\/p>\n\n\n\n<p>Durante su mensaje, exigi\u00f3 al Gobierno del Estado, al Sindicato Nacional de Trabajadores de la Educaci\u00f3n (SNTE), a la Secretar\u00eda del Trabajo y Previsi\u00f3n social y al gobierno federal les otorgue la toma de nota que legitima a la nueva dirigencia sindical.<\/p>\n\n\n\n<p>As\u00ed como demand\u00f3 el cumplimiento por parte del nuevo gobierno estatal de cubrir las necesidades reales de las escuelas, as\u00ed como que se incluya el Plan para la Transformaci\u00f3n de la Educaci\u00f3n en Oaxaca (PTEO) en la ley estatal de educaci\u00f3n, y el respeto de sus derechos laborales ganados por medio de la lucha magisterial.<\/p>\n\n\n\n<p>Por su parte, Jara Cruz realiz\u00f3 una serie de compromisos, entre los que destac\u00f3 y coincidi\u00f3 con la Secci\u00f3n 22 del SNTE, para evitar interlocuciones ajenas a las representaciones legales de ambas partes.<\/p>\n\n\n\n<figure class=\"wp-block-embed is-type-rich is-provider-twitter wp-block-embed-twitter\"><div class=\"wp-block-embed__wrapper\">\n<div class=\"twitter-tweet\"><blockquote class=\"twitter-tweet\" data-lang=\"es\"><p lang=\"es\" dir=\"ltr\"><a href=\"https:\/\/twitter.com\/hashtag\/%C3%9AltimoMinuto?src=hash&amp;ref_src=twsrc%5Etfw\">#\u00daltimoMinuto<\/a> <br>Esta es parte de la reuni\u00f3n de que sostuvo el mandatario <a href=\"https:\/\/twitter.com\/salomonj?ref_src=twsrc%5Etfw\">@salomonj<\/a> con la representaci\u00f3n de la Secci\u00f3n 22 del SNTE, que al final le entreg\u00f3 por escrito el posicionamiento ante el nuevo gobierno. <a href=\"https:\/\/t.co\/4tzxYcj7HD\">pic.twitter.com\/4tzxYcj7HD<\/a><\/p>&mdash; Zona Roja Oaxaca (@ZonaRoja_Oaxaca) <a href=\"https:\/\/twitter.com\/ZonaRoja_Oaxaca\/status\/1600917427923357696?ref_src=twsrc%5Etfw\">8 de diciembre de 2022<\/a><\/blockquote><\/div>\n<\/div><\/figure>\n\n\n\n<p>\u201cNadie del gabinete tiene autorizado platicar con ning\u00fan grupo, o persona fuera de la representaci\u00f3n leg\u00edtima de la secci\u00f3n 22 (SNTE)\u201d, puntualiz\u00f3 el mandatario, luego de presentarse como un pol\u00edtico surgido desde la izquierda y que ha acompa\u00f1ado a los movimientos sociales y al magisterio por m\u00e1s de 40 a\u00f1os.<\/p>\n\n\n\n<p>NADIE VA A DIVIDIR<\/p>\n\n\n\n<p>\u201cNadie va a hacer la misma pol\u00edtica perversa de platicar con un grupo para dividir al movimiento magisterial. Eso nunca m\u00e1s\u201d, asever\u00f3.<\/p>\n\n\n\n<p>El mandatario tambi\u00e9n sostuvo el posicionamiento emitido ante la elecci\u00f3n de la nueva dirigencia de la Secci\u00f3n 22, realizado d\u00edas antes de su llegada al poder y agreg\u00f3 que se encuentra \u201cen la mejor disposici\u00f3n pol\u00edtica de dialogar, platicar e instalar las mesas de negociaci\u00f3n que sean necesarias y coadyuvar para que las instancias, federales, estatal, pueda cumplir con la legalidad de la toma de nota\u201d.<\/p>\n\n\n\n<p>Tras reconocer la labor del magisterio en Oaxaca, apunt\u00f3 que \u201ces necesario&nbsp; que el gobierno y trabajadores de la educaci\u00f3n revisen juntos la situaci\u00f3n actual que se encuentra el sistema educativo de la entidad. Tenemos toda la voluntad de dialogar sobre ese tema\u201d.<\/p>\n\n\n\n<p>Asegur\u00f3 que el gobierno del estado dispondr\u00e1 de los recursos necesarios para una mejor educaci\u00f3n y un nuevo modelo educativo que respete la cultura de Oaxaca, lenguas originarias, tradiciones y las particularidades de nuestro estado.<\/p>\n\n\n\n<p>\u201cLos invito a que dise\u00f1emos la ruta de la transformaci\u00f3n educativa de cara a la sociedad, nuestro pueblo y cumplir con las expectativas, para no defraudar la confianza que nos ha dado el pueblo de Oaxaca\u201d, agreg\u00f3 Jara Cruz, quien tambi\u00e9n afirm\u00f3 que al t\u00e9rmino de la reuni\u00f3n se comunicar\u00eda con el gobierno del estado para dar soluci\u00f3n a la toma de nota.<\/p>\n\n\n\n<figure class=\"wp-block-embed is-type-rich is-provider-twitter wp-block-embed-twitter\"><div class=\"wp-block-embed__wrapper\">\n<div class=\"twitter-tweet\"><blockquote class=\"twitter-tweet\" data-lang=\"es\"><p lang=\"es\" dir=\"ltr\">No hay voto de confianza al nuevo gobierno de <a href=\"https:\/\/twitter.com\/salomonj?ref_src=twsrc%5Etfw\">@salomonj<\/a>, pues \u201cgobierne quien gobierne, los derechos se defienden\u201d, respondi\u00f3 la dirigencia de la Secci\u00f3n 22, tras reunirse con el mandatario. <br>Insistieron en su queja contra el titular de la <a href=\"https:\/\/twitter.com\/PABIC_GobOax?ref_src=twsrc%5Etfw\">@PABIC_GobOax<\/a>, Alejandro Tejada. <a href=\"https:\/\/t.co\/kk8aixufmD\">pic.twitter.com\/kk8aixufmD<\/a><\/p>&mdash; Zona Roja Oaxaca (@ZonaRoja_Oaxaca) <a href=\"https:\/\/twitter.com\/ZonaRoja_Oaxaca\/status\/1600928076413947904?ref_src=twsrc%5Etfw\">8 de diciembre de 2022<\/a><\/blockquote><\/div>\n<\/div><\/figure>\n\n\n\n<p>El encuentro culmin\u00f3 con el himno de lucha del magisterio, y en el que tambi\u00e9n no se dejaron de escuchar las consignas contra el gobierno y la defensa de su movimiento, provenientes desde los reunidos en el z\u00f3calo y pasillos exteriores al palacio de gobierno.<\/p>\n\n\n\n<p>Hasta la salida, la comisi\u00f3n sindical fue despedida por la titular de la Secretar\u00eda de Educaci\u00f3n de Oaxaca, Delfina Guzm\u00e1n.<\/p>\n\n\n\n<p>MOVILIZACI\u00d3N-NEGOCIACI\u00d3N<\/p>\n\n\n\n<p>La movilizaci\u00f3n de la Secci\u00f3n 22 del SNTE culmin\u00f3 con un mitin desde el kiosCo del z\u00f3calo.<\/p>\n\n\n\n<p>Yenny Aracely P\u00e9rez Mart\u00ednez apunt\u00f3 que est\u00e1 pendiente la instalaci\u00f3n de una mesa de negociaci\u00f3n con el gobierno estatal y federal para la exigencia formal de sus demandas en los distintos \u00e1mbitos.<\/p>\n\n\n\n<p>Sin mayores detalles sobre el encuentro a puerta cerrada, la dirigente expres\u00f3 que tambi\u00e9n manifestaron al gobernador su rechazo sobre algunas de las nuevas designaciones de funcionarios, como es el caso de Alejandro Tejeda, &nbsp;como director de la Polic\u00eda Auxiliar, Bancaria, Industrial y Comercial (PABIC) y quien es se\u00f1alado de participar en las llamadas \u201cCaravanas de la muerte\u201d durante la represi\u00f3n al magisterio en 2006.<\/p>\n\n\n\n<p>La dirigencia sindical se reserv\u00f3 el derecho de calificar el encuentro y si dar\u00e1 voto de confianza a Salom\u00f3n Jara, por lo que sostuvo \u201cgobierne, quien gobierne, los derechos se defienden\u201d.<\/p>\n","protected":false},"excerpt":{"rendered":"<p>Yuridiana Sosa\/Zona Roja. Oaxaca de Ju\u00e1rez, Oax., 8 de diciembre de 2022.- La dirigencia de&hellip;<\/p>\n","protected":false},"author":2,"featured_media":49022,"comment_status":"closed","ping_status":"open","sticky":false,"template":"","format":"standard","meta":{"_lmt_disableupdate":"","_lmt_disable":"","_jetpack_memberships_contains_paid_content":false,"footnotes":""},"categories":[109,47],"tags":[939,312],"class_list":["post-49021","post","type-post","status-publish","format-standard","has-post-thumbnail","hentry","category-minuto-a-minuto","category-zona-gris","tag-salomon-jara-cruz","tag-seccion-22-del-snte"],"jetpack_featured_media_url":"https:\/\/zonaroja.com.mx\/wp-content\/uploads\/2022\/12\/Marcha-Seccion-22-reunion-con-Salomon-Jara.jpg","jetpack_sharing_enabled":true,"_links":{"self":[{"href":"https:\/\/zonaroja.com.mx\/index.php?rest_route=\/wp\/v2\/posts\/49021","targetHints":{"allow":["GET"]}}],"collection":[{"href":"https:\/\/zonaroja.com.mx\/index.php?rest_route=\/wp\/v2\/posts"}],"about":[{"href":"https:\/\/zonaroja.com.mx\/index.php?rest_route=\/wp\/v2\/types\/post"}],"author":[{"embeddable":true,"href":"https:\/\/zonaroja.com.mx\/index.php?rest_route=\/wp\/v2\/users\/2"}],"replies":[{"embeddable":true,"href":"https:\/\/zonaroja.com.mx\/index.php?rest_route=%2Fwp%2Fv2%2Fcomments&post=49021"}],"version-history":[{"count":1,"href":"https:\/\/zonaroja.com.mx\/index.php?rest_route=\/wp\/v2\/posts\/49021\/revisions"}],"predecessor-version":[{"id":49023,"href":"https:\/\/zonaroja.com.mx\/index.php?rest_route=\/wp\/v2\/posts\/49021\/revisions\/49023"}],"wp:featuredmedia":[{"embeddable":true,"href":"https:\/\/zonaroja.com.mx\/index.php?rest_route=\/wp\/v2\/media\/49022"}],"wp:attachment":[{"href":"https:\/\/zonaroja.com.mx\/index.php?rest_route=%2Fwp%2Fv2%2Fmedia&parent=49021"}],"wp:term":[{"taxonomy":"category","embeddable":true,"href":"https:\/\/zonaroja.com.mx\/index.php?rest_route=%2Fwp%2Fv2%2Fcategories&post=49021"},{"taxonomy":"post_tag","embeddable":true,"href":"https:\/\/zonaroja.com.mx\/index.php?rest_route=%2Fwp%2Fv2%2Ftags&post=49021"}],"curies":[{"name":"wp","href":"https:\/\/api.w.org\/{rel}","templated":true}]}}