{"id":49024,"date":"2022-12-08T19:22:50","date_gmt":"2022-12-09T01:22:50","guid":{"rendered":"http:\/\/www.zonaroja.com.mx\/?p=49024"},"modified":"2022-12-08T19:22:52","modified_gmt":"2022-12-09T01:22:52","slug":"otra-vez-policia-de-pochutla-comete-detenciones-arbitrarias-hospitalizan-a-joven","status":"publish","type":"post","link":"https:\/\/zonaroja.com.mx\/?p=49024","title":{"rendered":"Otra vez polic\u00eda de Pochutla comete detenciones arbitrarias; hospitalizan a joven"},"content":{"rendered":"\n<p>Yuridiana Sosa\/Zona Roja.<\/p>\n\n\n\n<p>Oaxaca de Ju\u00e1rez, Oax., 8 de diciembre de 2022.- \u201c\u00a1Me estoy ahogando!\u201d, \u201c\u00a1Me estoy ahogando!\u201d, se escucha decir con poco aliento a un joven que estaba siendo agredido durante su detenci\u00f3n por parte de Polic\u00edas Municipales y Polic\u00eda Vial en San Pedro Pochutla, tras lo cual fue hospitalizado al convulsionar.<\/p>\n\n\n\n<p>El hecho fue difundido en redes sociales, en el cual muestra el uso excesivo de la fuerza p\u00fablica de cinco elementos \u2014dos de la Polic\u00eda Municipal y tres de la Polic\u00eda Vial\u2014 para detener a un ciudadano.<\/p>\n\n\n\n<p>De acuerdo con un familiar del joven hospitalizado, quien es empleado de una empresa refresquera, los elementos iniciaron la detenci\u00f3n luego que el trabajador repartidor se neg\u00f3 a pagar un soborno a los uniformados para permitirle estacionarse.<\/p>\n\n\n\n<p>El empleado fue sometido, tirado al suelo, donde en defensa trat\u00f3 de sujetarse a otro elemento vial. Dos uniformados colocaron sus rodillas sobre el cuello y espalda, impidiendo la facilidad para respirar.<\/p>\n\n\n\n<p>Durante la represi\u00f3n, seg\u00fan el video, los polic\u00edas mostraron total desconocimiento para la detenci\u00f3n al no saber ni siquiera sacar de sus uniformes las esposas, as\u00ed como colocarlas.<\/p>\n\n\n\n<p>Los ciudadanos que atestiguan el hecho gritaban a los polic\u00edas que lo soltaran, que lo estaban lastimando, mientras algunos m\u00e1s se acercaron para decirles que lo soltaran. Pero hicieron caso omiso y exigieron que los dejaran hacer su trabajo.<\/p>\n\n\n\n<p>\u201c\u00a1Me estoy ahogando!\u201d, \u201c\u00a1Me estoy ahogando!\u201d, grit\u00f3 un par de veces el joven agredido, a quien ignoraron. Minutos despu\u00e9s comenz\u00f3 a convulsionar; solo as\u00ed los elementos lo dejaran de agredir.<\/p>\n\n\n\n<figure class=\"wp-block-embed is-type-rich is-provider-twitter wp-block-embed-twitter\"><div class=\"wp-block-embed__wrapper\">\n<div class=\"twitter-tweet\"><blockquote class=\"twitter-tweet\" data-lang=\"es\"><p lang=\"es\" dir=\"ltr\">\u00bfQu\u00e9 le parece? La brutalidad policiaca en San Pedro Pochutla, que gobern\u00f3 la hoy funcionaria estatal, <a href=\"https:\/\/twitter.com\/saymipinedav?ref_src=twsrc%5Etfw\">@saymipinedav<\/a>, mantiene a una persona hospitalizada, debido a la gravedad de las lesiones. La familia clama justicia. <a href=\"https:\/\/t.co\/0lVGK2T3l6\">pic.twitter.com\/0lVGK2T3l6<\/a><\/p>&mdash; Zona Roja Oaxaca (@ZonaRoja_Oaxaca) <a href=\"https:\/\/twitter.com\/ZonaRoja_Oaxaca\/status\/1600860389809397760?ref_src=twsrc%5Etfw\">8 de diciembre de 2022<\/a><\/blockquote><\/div>\n<\/div><\/figure>\n\n\n\n<p>La v\u00edctima fue hospitalizada de gravedad en el hospital del Instituto Mexicano del Seguro Social (IMSS) en Huatulco, sin que hasta ahora la autoridad municipal, ahora a cargo de Minerva P\u00e9rez Garc\u00eda \u2014quien supli\u00f3 a Saymi Pineda\u2014, de Morena, emitan un comunicado al respecto y sobre las sanciones contra los elementos.<\/p>\n\n\n\n<p>En tanto, el comandante de la Polic\u00eda Vial, quien se encontr\u00f3 en el lugar, indic\u00f3 que antes de la detenci\u00f3n existieron reportes a trav\u00e9s del 911 circulaba en estado de ebriedad.<\/p>\n\n\n\n<p>Al llegar los elementos constataron que el conductor, quien orinaba en la v\u00eda p\u00fablica, se encontraba en aparente estado inconveniente. As\u00ed como neg\u00f3 que el joven haya sufrido convulsiones, as\u00ed como finalmente, por intervenci\u00f3n de sus familiares no fue detenido y s\u00f3lo aplicaron una multa.<\/p>\n\n\n\n<p>VICIOS<\/p>\n\n\n\n<p>Desde el inicio de la administraci\u00f3n municipal de San Pedro Pochutla a cargo de Saymi Pineda, ahora secretaria de Turismo del gobierno del estado, se registraron violaciones de derechos humanos de la Polic\u00eda Municipal durante las detenciones.<\/p>\n\n\n\n<p>Los casos de mayor abuso se reportaron durante la crisis de pandemia, cuando realizaron detenciones violentas a ciudadanos que no portaban cubrebocas.<\/p>\n\n\n\n<p>Entre las detenciones con uso excesivo de la fuerza se report\u00f3 en octubre de 2020 contra un trabajador de los servicios de salud, del \u00e1rea de vectores, y otra en julio de 2021, a un joven, a quien primero agredieron f\u00edsicamente y luego al escaparse lo siguieron e ingresaron a su domicilio para detenerlo en un fuerte operativo y con violencia.<\/p>\n","protected":false},"excerpt":{"rendered":"<p>Yuridiana Sosa\/Zona Roja. Oaxaca de Ju\u00e1rez, Oax., 8 de diciembre de 2022.- \u201c\u00a1Me estoy ahogando!\u201d,&hellip;<\/p>\n","protected":false},"author":2,"featured_media":49025,"comment_status":"closed","ping_status":"open","sticky":false,"template":"","format":"standard","meta":{"_lmt_disableupdate":"","_lmt_disable":"","_jetpack_memberships_contains_paid_content":false,"footnotes":""},"categories":[109,47],"tags":[151],"class_list":["post-49024","post","type-post","status-publish","format-standard","has-post-thumbnail","hentry","category-minuto-a-minuto","category-zona-gris","tag-san-pedro-pochutla"],"jetpack_featured_media_url":"https:\/\/zonaroja.com.mx\/wp-content\/uploads\/2022\/12\/Policias-Pochutla.jpeg","jetpack_sharing_enabled":true,"_links":{"self":[{"href":"https:\/\/zonaroja.com.mx\/index.php?rest_route=\/wp\/v2\/posts\/49024","targetHints":{"allow":["GET"]}}],"collection":[{"href":"https:\/\/zonaroja.com.mx\/index.php?rest_route=\/wp\/v2\/posts"}],"about":[{"href":"https:\/\/zonaroja.com.mx\/index.php?rest_route=\/wp\/v2\/types\/post"}],"author":[{"embeddable":true,"href":"https:\/\/zonaroja.com.mx\/index.php?rest_route=\/wp\/v2\/users\/2"}],"replies":[{"embeddable":true,"href":"https:\/\/zonaroja.com.mx\/index.php?rest_route=%2Fwp%2Fv2%2Fcomments&post=49024"}],"version-history":[{"count":1,"href":"https:\/\/zonaroja.com.mx\/index.php?rest_route=\/wp\/v2\/posts\/49024\/revisions"}],"predecessor-version":[{"id":49026,"href":"https:\/\/zonaroja.com.mx\/index.php?rest_route=\/wp\/v2\/posts\/49024\/revisions\/49026"}],"wp:featuredmedia":[{"embeddable":true,"href":"https:\/\/zonaroja.com.mx\/index.php?rest_route=\/wp\/v2\/media\/49025"}],"wp:attachment":[{"href":"https:\/\/zonaroja.com.mx\/index.php?rest_route=%2Fwp%2Fv2%2Fmedia&parent=49024"}],"wp:term":[{"taxonomy":"category","embeddable":true,"href":"https:\/\/zonaroja.com.mx\/index.php?rest_route=%2Fwp%2Fv2%2Fcategories&post=49024"},{"taxonomy":"post_tag","embeddable":true,"href":"https:\/\/zonaroja.com.mx\/index.php?rest_route=%2Fwp%2Fv2%2Ftags&post=49024"}],"curies":[{"name":"wp","href":"https:\/\/api.w.org\/{rel}","templated":true}]}}