{"id":49029,"date":"2022-12-08T21:19:32","date_gmt":"2022-12-09T03:19:32","guid":{"rendered":"http:\/\/www.zonaroja.com.mx\/?p=49029"},"modified":"2022-12-08T21:19:34","modified_gmt":"2022-12-09T03:19:34","slug":"en-10-dias-asesina-a-seis-personas-en-salina-cruz-edil-indolente","status":"publish","type":"post","link":"https:\/\/zonaroja.com.mx\/?p=49029","title":{"rendered":"En 10 d\u00edas asesina a seis personas en Salina Cruz; edil indolente"},"content":{"rendered":"\n<p>Ismael Garc\u00eda M.\/Zona Roja.<\/p>\n\n\n\n<p>Oaxaca de Ju\u00e1rez, Oax., a 8 de diciembre de 2022.- En un lapso de 10 d\u00edas, 10 personas han sido asesinadas en Salina Cruz, ciudad y puerto de la regi\u00f3n del Istmo de Tehuantepec.<\/p>\n\n\n\n<p>El m\u00e1s reciente hecho ocurri\u00f3 este mediod\u00eda, en que un individuo arribaba a su domicilio, cuando fue acribillado en la avenida Hidalgo del Barrio Nuevo, por sujetos desconocidos que lograron huir.<\/p>\n\n\n\n<p>La v\u00edctima fue identificada como Crist\u00f3bal E., conocido como \u201cEl Quicho\u201d y hasta el momento se desconoce el m\u00f3vil del crimen, al igual que la identidad de los perpetradores.<\/p>\n\n\n\n<p>Apenas ayer por la tarde, en un terreno bald\u00edo de la colonia Soledad fue encontrado un cuerpo sin vida de una persona del sexo masculino en estado de descomposici\u00f3n, en la colonia Soledad de Salina Cruz; presenta huellas de violencia y a\u00fan no ha sido identificado.<\/p>\n\n\n\n<p>La violencia se ha incrementado en ese municipio, ante las nulas estrategias del presidente municipal Daniel M\u00e9ndez Sosa, surgido del Partido Morena, y el mando a cargo de la seguridad, un elemento enviado de la Secretar\u00eda de Marina.<\/p>\n\n\n\n<p>En el lapso de 10 d\u00edas se han registrado al menos seis homicidios, ocurrido los d\u00edas 28, 29 y 30 de noviembre, as\u00ed como el 5, 7 y 8 de diciembre.<\/p>\n\n\n\n<figure class=\"wp-block-embed is-type-rich is-provider-twitter wp-block-embed-twitter\"><div class=\"wp-block-embed__wrapper\">\n<div class=\"twitter-tweet\"><blockquote class=\"twitter-tweet\" data-lang=\"es\"><p lang=\"es\" dir=\"ltr\"><a href=\"https:\/\/twitter.com\/hashtag\/%C3%9AltimoMinuto?src=hash&amp;ref_src=twsrc%5Etfw\">#\u00daltimoMinuto<\/a><br>Grave tambi\u00e9n la inseguridad en el municipio de Salina Cruz y hoy se registr\u00f3 en\u00e9simo asesinato.<br>Edil morenista <a href=\"https:\/\/twitter.com\/DanielMendezsco?ref_src=twsrc%5Etfw\">@DanielMendezsco<\/a>, incapaz de frenar ola delictiva. <br>En diciembre van al menos seis homicidios. <a href=\"https:\/\/t.co\/5cqrCIARz3\">pic.twitter.com\/5cqrCIARz3<\/a><\/p>&mdash; Zona Roja Oaxaca (@ZonaRoja_Oaxaca) <a href=\"https:\/\/twitter.com\/ZonaRoja_Oaxaca\/status\/1601007800758730752?ref_src=twsrc%5Etfw\">9 de diciembre de 2022<\/a><\/blockquote><\/div>\n<\/div><\/figure>\n","protected":false},"excerpt":{"rendered":"<p>Ismael Garc\u00eda M.\/Zona Roja. Oaxaca de Ju\u00e1rez, Oax., a 8 de diciembre de 2022.- En&hellip;<\/p>\n","protected":false},"author":2,"featured_media":49030,"comment_status":"closed","ping_status":"open","sticky":false,"template":"","format":"standard","meta":{"_lmt_disableupdate":"","_lmt_disable":"","_jetpack_memberships_contains_paid_content":false,"footnotes":""},"categories":[109,51],"tags":[168],"class_list":["post-49029","post","type-post","status-publish","format-standard","has-post-thumbnail","hentry","category-minuto-a-minuto","category-zona-roja","tag-salina-cruz"],"jetpack_featured_media_url":"https:\/\/zonaroja.com.mx\/wp-content\/uploads\/2022\/12\/Asesinado-Salina-Cruz-1.jpg","jetpack_sharing_enabled":true,"_links":{"self":[{"href":"https:\/\/zonaroja.com.mx\/index.php?rest_route=\/wp\/v2\/posts\/49029","targetHints":{"allow":["GET"]}}],"collection":[{"href":"https:\/\/zonaroja.com.mx\/index.php?rest_route=\/wp\/v2\/posts"}],"about":[{"href":"https:\/\/zonaroja.com.mx\/index.php?rest_route=\/wp\/v2\/types\/post"}],"author":[{"embeddable":true,"href":"https:\/\/zonaroja.com.mx\/index.php?rest_route=\/wp\/v2\/users\/2"}],"replies":[{"embeddable":true,"href":"https:\/\/zonaroja.com.mx\/index.php?rest_route=%2Fwp%2Fv2%2Fcomments&post=49029"}],"version-history":[{"count":1,"href":"https:\/\/zonaroja.com.mx\/index.php?rest_route=\/wp\/v2\/posts\/49029\/revisions"}],"predecessor-version":[{"id":49031,"href":"https:\/\/zonaroja.com.mx\/index.php?rest_route=\/wp\/v2\/posts\/49029\/revisions\/49031"}],"wp:featuredmedia":[{"embeddable":true,"href":"https:\/\/zonaroja.com.mx\/index.php?rest_route=\/wp\/v2\/media\/49030"}],"wp:attachment":[{"href":"https:\/\/zonaroja.com.mx\/index.php?rest_route=%2Fwp%2Fv2%2Fmedia&parent=49029"}],"wp:term":[{"taxonomy":"category","embeddable":true,"href":"https:\/\/zonaroja.com.mx\/index.php?rest_route=%2Fwp%2Fv2%2Fcategories&post=49029"},{"taxonomy":"post_tag","embeddable":true,"href":"https:\/\/zonaroja.com.mx\/index.php?rest_route=%2Fwp%2Fv2%2Ftags&post=49029"}],"curies":[{"name":"wp","href":"https:\/\/api.w.org\/{rel}","templated":true}]}}