{"id":49032,"date":"2022-12-08T22:01:31","date_gmt":"2022-12-09T04:01:31","guid":{"rendered":"http:\/\/www.zonaroja.com.mx\/?p=49032"},"modified":"2022-12-08T22:01:33","modified_gmt":"2022-12-09T04:01:33","slug":"justifica-edil-a-inspectores-no-cometieron-robo-de-ropa-de-triquis","status":"publish","type":"post","link":"https:\/\/zonaroja.com.mx\/?p=49032","title":{"rendered":"Justifica edil a inspectores: no cometieron robo de ropa de triquis"},"content":{"rendered":"\n<p>Ismael Garc\u00eda M.\/Zona Roja.<\/p>\n\n\n\n<p>Oaxaca de Ju\u00e1rez, Oax., a 8 de diciembre de 2022.- \u201cNo hubo hurtos, de eso podemos dar fe; lo que s\u00ed hubo es un uso inadecuado de algunas im\u00e1genes, que me parece por lo menos lesivas que pudieran ser, hay que verificar esos hechos.<\/p>\n\n\n\n<p>\u201cDict\u00e9 instrucciones al secretario de Gobierno para que separara a algunas personas que tuvieron que ver con los hechos y por otra parte se abriera investigaci\u00f3n para otras personas que estuvieron en esa circunstancia y que desde luego habr\u00eda que investigar la situaci\u00f3n en que se dio\u201d.<\/p>\n\n\n\n<p>As\u00ed respondi\u00f3 el presidente municipal de Oaxaca de Ju\u00e1rez, Francisco Mart\u00ednez Neri, respecto a las fotograf\u00edas difundidas en que se aprecian a inspectores del ayuntamiento tomando como bot\u00edn la mercanc\u00eda decomisada a ind\u00edgenas triquis, tras el desalojo la madrugada del pasado viernes.<\/p>\n\n\n\n<p>En entrevista colectiva al t\u00e9rmino de la sesi\u00f3n de Cabildo, inform\u00f3 que son cuatro personas las separadas de sus cargos y \u201cesto debe dar una lecci\u00f3n a los colaboradores para que no hagan uso indebido de sus atribuciones; este municipio no solapar\u00e1 acciones de ninguna naturaleza que pongan en entredicho\u201d, dijo.<\/p>\n\n\n\n<p>REFUGIO RECUPERADO<\/p>\n\n\n\n<p>En otro tema, confirm\u00f3 que fue recuperado el refugio para mujeres, que estaba en poder del l\u00edder de ambulantes, Hugo Jarqu\u00edn, y se revisa el inmueble el inmueble y se har\u00e1 el mantenimiento necesario.<\/p>\n\n\n\n<p>A\u00f1adi\u00f3 que tras ello se le dar\u00e1 utilidad, pero no para refugio de mujeres violentadas, debido a que no re\u00fane los requisitos para ello, pues deben tener determinados protocolos.<\/p>\n\n\n\n<p>\u201cYo creo que es un logro muy importante, lo venimos manejando desde hace tiempo, generando procesos de negociaci\u00f3n, que se omitieran los juicios de car\u00e1cter civil que estaban pendientes.<\/p>\n\n\n\n<p>-Se vinculaba al ex legislador Hugo Jarqu\u00edn como parte de esta organizaci\u00f3n que lo ten\u00eda en comodato.<\/p>\n\n\n\n<p>-S\u00ed, es un actor de los diversos con el que ten\u00edamos que platicar; platicamos y las cosas avanzaron bien.<\/p>\n\n\n\n<p>\u2014\u00bfCu\u00e1les son los t\u00e9rminos de esa negociaci\u00f3n?<\/p>\n\n\n\n<p>\u2014Ninguna condici\u00f3n en especial; desde hace tiempo platicaba con el se\u00f1or, sobre la necesidad de que ese espacio se pusiera de la gente, dado que \u00e9l ten\u00eda alguna intervenci\u00f3n de alg\u00fan asunto litigioso.<\/p>\n\n\n\n<p>Respecto de las indagatorias por las irregularidades halladas en el trienio de su antecesor Oswaldo Garc\u00eda Jarqu\u00edn, tambi\u00e9n de Morena, dijo que el caso contin\u00faa en la Contralor\u00eda Municipal.<\/p>\n\n\n\n<figure class=\"wp-block-embed is-type-rich is-provider-twitter wp-block-embed-twitter\"><div class=\"wp-block-embed__wrapper\">\n<div class=\"twitter-tweet\"><blockquote class=\"twitter-tweet\" data-lang=\"es\"><p lang=\"es\" dir=\"ltr\">Respecto al desalojo de Triquis del portal del Palacio de Gobierno y calle de Flores Mag\u00f3n,el edil del <a href=\"https:\/\/twitter.com\/MunicipioOaxaca?ref_src=twsrc%5Etfw\">@MunicipioOaxaca<\/a>, <a href=\"https:\/\/twitter.com\/FMartinezNeri?ref_src=twsrc%5Etfw\">@FMartinezNeri<\/a>, neg\u00f3 que haya habido violencia.<br>De inspectores que hac\u00edan alarde de las prendas,dijo que hay cuatro personas cesadas y se investigan m\u00e1s casos. <a href=\"https:\/\/t.co\/kmC9QrGggG\">pic.twitter.com\/kmC9QrGggG<\/a><\/p>&mdash; Zona Roja Oaxaca (@ZonaRoja_Oaxaca) <a href=\"https:\/\/twitter.com\/ZonaRoja_Oaxaca\/status\/1601050196003409920?ref_src=twsrc%5Etfw\">9 de diciembre de 2022<\/a><\/blockquote><\/div>\n<\/div><\/figure>\n","protected":false},"excerpt":{"rendered":"<p>Ismael Garc\u00eda M.\/Zona Roja. Oaxaca de Ju\u00e1rez, Oax., a 8 de diciembre de 2022.- \u201cNo&hellip;<\/p>\n","protected":false},"author":2,"featured_media":49035,"comment_status":"closed","ping_status":"open","sticky":false,"template":"","format":"standard","meta":{"_lmt_disableupdate":"","_lmt_disable":"","_jetpack_memberships_contains_paid_content":false,"footnotes":""},"categories":[109,47],"tags":[2418,148],"class_list":["post-49032","post","type-post","status-publish","format-standard","has-post-thumbnail","hentry","category-minuto-a-minuto","category-zona-gris","tag-francisco-martinez-neri","tag-oaxaca-de-juarez"],"jetpack_featured_media_url":"https:\/\/zonaroja.com.mx\/wp-content\/uploads\/2022\/12\/Presidente-municipal-Francisco-Martinez-Neri.jpg","jetpack_sharing_enabled":true,"_links":{"self":[{"href":"https:\/\/zonaroja.com.mx\/index.php?rest_route=\/wp\/v2\/posts\/49032","targetHints":{"allow":["GET"]}}],"collection":[{"href":"https:\/\/zonaroja.com.mx\/index.php?rest_route=\/wp\/v2\/posts"}],"about":[{"href":"https:\/\/zonaroja.com.mx\/index.php?rest_route=\/wp\/v2\/types\/post"}],"author":[{"embeddable":true,"href":"https:\/\/zonaroja.com.mx\/index.php?rest_route=\/wp\/v2\/users\/2"}],"replies":[{"embeddable":true,"href":"https:\/\/zonaroja.com.mx\/index.php?rest_route=%2Fwp%2Fv2%2Fcomments&post=49032"}],"version-history":[{"count":1,"href":"https:\/\/zonaroja.com.mx\/index.php?rest_route=\/wp\/v2\/posts\/49032\/revisions"}],"predecessor-version":[{"id":49036,"href":"https:\/\/zonaroja.com.mx\/index.php?rest_route=\/wp\/v2\/posts\/49032\/revisions\/49036"}],"wp:featuredmedia":[{"embeddable":true,"href":"https:\/\/zonaroja.com.mx\/index.php?rest_route=\/wp\/v2\/media\/49035"}],"wp:attachment":[{"href":"https:\/\/zonaroja.com.mx\/index.php?rest_route=%2Fwp%2Fv2%2Fmedia&parent=49032"}],"wp:term":[{"taxonomy":"category","embeddable":true,"href":"https:\/\/zonaroja.com.mx\/index.php?rest_route=%2Fwp%2Fv2%2Fcategories&post=49032"},{"taxonomy":"post_tag","embeddable":true,"href":"https:\/\/zonaroja.com.mx\/index.php?rest_route=%2Fwp%2Fv2%2Ftags&post=49032"}],"curies":[{"name":"wp","href":"https:\/\/api.w.org\/{rel}","templated":true}]}}