{"id":49037,"date":"2022-12-09T08:04:00","date_gmt":"2022-12-09T14:04:00","guid":{"rendered":"http:\/\/www.zonaroja.com.mx\/?p=49037"},"modified":"2022-12-09T06:34:17","modified_gmt":"2022-12-09T12:34:17","slug":"diputado-de-morena-ofende-a-periodistas-y-le-dan-la-espalda","status":"publish","type":"post","link":"https:\/\/zonaroja.com.mx\/?p=49037","title":{"rendered":"Diputado de Morena ofende a periodistas y le dan la espalda"},"content":{"rendered":"\n<p>Redacci\u00f3n\/Zona Roja Cdmx.<\/p>\n\n\n\n<p>Ciudad de M\u00e9xico, a 9 de diciembre de 2022.- La bancada de Morena en la C\u00e1mara de Diputados federal envi\u00f3 tortas para los reporteros que cubren la fuente legislativa,&nbsp;luego de que el diputado Mario Llergo pregunt\u00f3 de manera ofensiva a la periodista Margarita Nicol\u00e1s, de Cadena RASA, si ella trabajaba en el INE.<\/p>\n\n\n\n<p>Todo ocurri\u00f3 en una conferencia de prensa a la que Mario Llergo&nbsp;para dar a conocer detalles de una denuncia que interpuso contra Lorenzo C\u00f3rdova, consejero presidente del INE, por supuestamente usar infraestructura p\u00fablica para llamar a la gente a participar en la marcha del 13 de noviembre.&nbsp;<\/p>\n\n\n\n<p>Margarita Nicol\u00e1s,&nbsp;que por 25 a\u00f1os ha trabajado en la fuente legislativa, cuestion\u00f3 al diputado Mario Llergo&nbsp;cu\u00e1les eran las bases para presentar dicha denuncia; a lo que el legislador le pregunt\u00f3 a la reportera que si ella trabajaba en el INE.<\/p>\n\n\n\n<p>Esto caus\u00f3 molestia en la sala y toda la prensa en solidaridad con Margarita abandon\u00f3 la conferencia, no sin antes reclamar al diputado por qu\u00e9 en Morena suelen incitar al odio.&nbsp;Una reportera pidi\u00f3 una explicaci\u00f3n sobre por qu\u00e9 ofendi\u00f3 a su compa\u00f1era.<\/p>\n\n\n\n<p>Momentos despu\u00e9s de la conferencia de Mario Llergo, el diputado Ignacio Mier, coordinador de los diputados de Morena, se acerc\u00f3 a la periodista Margarita Nicol\u00e1s para afirmar que todo se trat\u00f3 de un malentendido y tomarse fotos con ella.<\/p>\n\n\n\n<p>Minutos m\u00e1s tarde, la fuente legislativa dio a conocer en redes sociales que la bancada de Morena les envi\u00f3 tortas por el mal momento que caus\u00f3 Mario Llergo, a lo cual la prensa respondi\u00f3 que con comida no los van a comprar.<\/p>\n\n\n\n<p>Con marcadores, los reporteros expresaron su malestar en las charolas de tortas con frases como \u201cLaFuenteNoSeCompra o \u201cEl Agravio No se Limpia con una Chayo Torta\u201d.&nbsp;La prensa dej\u00f3 el espacio con la comida intacta.<\/p>\n\n\n\n<p>Posteriormente, el \u00e1rea de comunicaci\u00f3n social de los diputados de Morena emitieron un comunicado en el que negaron que Mario Llergo\u00a0ofendi\u00f3 a la prensa, justificando que hay casos de reporteros que trabajan en el INE.<\/p>\n\n\n\n<p>(Informaci\u00f3n del portal Data Noticias)<\/p>\n\n\n\n<figure class=\"wp-block-embed is-type-rich is-provider-twitter wp-block-embed-twitter\"><div class=\"wp-block-embed__wrapper\">\n<div class=\"twitter-tweet\"><blockquote class=\"twitter-tweet\" data-lang=\"es\"><p lang=\"es\" dir=\"ltr\">Luego <a href=\"https:\/\/twitter.com\/NachoMierV?ref_src=twsrc%5Etfw\">@NachoMierV<\/a> envi\u00f3 tortas a la sala de prensa para buscar una tregua con la fuente que cubre la <a href=\"https:\/\/twitter.com\/Mx_Diputados?ref_src=twsrc%5Etfw\">@Mx_Diputados<\/a> <br><br>Y en un acto de dignidad se marcaron los uniceles de las tortas con mensajes a la Coordinaci\u00f3n de Morena con menajes como:<a href=\"https:\/\/twitter.com\/hashtag\/LaFuenteNoSeToca?src=hash&amp;ref_src=twsrc%5Etfw\">#LaFuenteNoSeToca<\/a> <a href=\"https:\/\/t.co\/tNMD3j4tnD\">pic.twitter.com\/tNMD3j4tnD<\/a><\/p>&mdash; Laura Brug\u00e9s (@LauraBruges) <a href=\"https:\/\/twitter.com\/LauraBruges\/status\/1601012529911644160?ref_src=twsrc%5Etfw\">9 de diciembre de 2022<\/a><\/blockquote><\/div>\n<\/div><\/figure>\n","protected":false},"excerpt":{"rendered":"<p>Redacci\u00f3n\/Zona Roja Cdmx. Ciudad de M\u00e9xico, a 9 de diciembre de 2022.- La bancada de&hellip;<\/p>\n","protected":false},"author":2,"featured_media":49038,"comment_status":"closed","ping_status":"open","sticky":false,"template":"","format":"standard","meta":{"_lmt_disableupdate":"","_lmt_disable":"","_jetpack_memberships_contains_paid_content":false,"footnotes":""},"categories":[109,47],"tags":[1042],"class_list":["post-49037","post","type-post","status-publish","format-standard","has-post-thumbnail","hentry","category-minuto-a-minuto","category-zona-gris","tag-camara-de-diputados-federal"],"jetpack_featured_media_url":"https:\/\/zonaroja.com.mx\/wp-content\/uploads\/2022\/12\/Morena-periodistas-diputado.webp","jetpack_sharing_enabled":true,"_links":{"self":[{"href":"https:\/\/zonaroja.com.mx\/index.php?rest_route=\/wp\/v2\/posts\/49037","targetHints":{"allow":["GET"]}}],"collection":[{"href":"https:\/\/zonaroja.com.mx\/index.php?rest_route=\/wp\/v2\/posts"}],"about":[{"href":"https:\/\/zonaroja.com.mx\/index.php?rest_route=\/wp\/v2\/types\/post"}],"author":[{"embeddable":true,"href":"https:\/\/zonaroja.com.mx\/index.php?rest_route=\/wp\/v2\/users\/2"}],"replies":[{"embeddable":true,"href":"https:\/\/zonaroja.com.mx\/index.php?rest_route=%2Fwp%2Fv2%2Fcomments&post=49037"}],"version-history":[{"count":1,"href":"https:\/\/zonaroja.com.mx\/index.php?rest_route=\/wp\/v2\/posts\/49037\/revisions"}],"predecessor-version":[{"id":49039,"href":"https:\/\/zonaroja.com.mx\/index.php?rest_route=\/wp\/v2\/posts\/49037\/revisions\/49039"}],"wp:featuredmedia":[{"embeddable":true,"href":"https:\/\/zonaroja.com.mx\/index.php?rest_route=\/wp\/v2\/media\/49038"}],"wp:attachment":[{"href":"https:\/\/zonaroja.com.mx\/index.php?rest_route=%2Fwp%2Fv2%2Fmedia&parent=49037"}],"wp:term":[{"taxonomy":"category","embeddable":true,"href":"https:\/\/zonaroja.com.mx\/index.php?rest_route=%2Fwp%2Fv2%2Fcategories&post=49037"},{"taxonomy":"post_tag","embeddable":true,"href":"https:\/\/zonaroja.com.mx\/index.php?rest_route=%2Fwp%2Fv2%2Ftags&post=49037"}],"curies":[{"name":"wp","href":"https:\/\/api.w.org\/{rel}","templated":true}]}}