{"id":4904,"date":"2019-10-17T08:32:18","date_gmt":"2019-10-17T13:32:18","guid":{"rendered":"http:\/\/www.zonaroja.com.mx\/?p=4904"},"modified":"2019-10-17T08:32:21","modified_gmt":"2019-10-17T13:32:21","slug":"habrian-ajusticiado-pobladores-de-ocotlan-a-presunto-ladron","status":"publish","type":"post","link":"https:\/\/zonaroja.com.mx\/?p=4904","title":{"rendered":"Habr\u00edan ajusticiado pobladores de Ocotl\u00e1n a presunto ladr\u00f3n"},"content":{"rendered":"\n<p>Redacci\u00f3n\/Zona Roja<\/p>\n\n\n\n<p>Oaxaca de Ju\u00e1rez, Oax., 17 de octubre\nde 2019.- Un presunto ladr\u00f3n fue asesinado con disparos de arma de fuego en\nOcotl\u00e1n de Morelos; el individuo ya hab\u00eda sido acusado de diversos actos\ndelictivos.<\/p>\n\n\n\n<p>Sin embargo, habr\u00eda sido ajusticiado\npor la propia poblaci\u00f3n, hastiada de la nula seguridad y justicia en contra de\nlos delincuentes.<\/p>\n\n\n\n<p>El cuerpo de la v\u00edctima fue hallado la\nnoche del martes a un costado de la carretera federal 175, Oaxaca-Puerto \u00c1ngel,\na la altura del fraccionamiento Los Ocotes.<\/p>\n\n\n\n<p>Fue identificado como Edgardo R. L.,\nconocido como \u201cEl Malquerido\u201d, quien de acuerdo con los pobladores, en\ndistintas ocasiones ya hab\u00eda sido detenido acusado de robo y otros delitos,\npero luego era liberado por parte de la Fiscal\u00eda General del Estado.<\/p>\n\n\n\n<p>CRIMEN EN MIXTECA<\/p>\n\n\n\n<p>Por otra parte, en el municipio de San\nMart\u00edn Itunyoso, regi\u00f3n Mixteca, personal de la Agencia Estatal de\nInvestigaciones, de la Fiscal\u00eda General del Estado, efectuaron el martes un\noperativo para rescatar a una persona secuestrada conocida como \u201cEl Milloncito\u201d.<\/p>\n\n\n\n<p>Pero en la acci\u00f3n, un presunto\nplagiario result\u00f3 muertos, mientras que uno de ellos fue detenido y cinco m\u00e1s\nlograron darse a la fuga.<\/p>\n\n\n\n<p>Fue la tarde de anteayer en que\nocurrieron los hechos, que gener\u00f3 un enfrentamiento armado durante el cateo en\nuna casa de seguridad. Finalmente lograron rescatar con vida al empresario \u201cEl\nMilloncito\u201d, originario de la Heroica Ciudad de Tlaxiaco y quien hab\u00eda sido\nsecuestrado desde hace m\u00e1s de un mes.<\/p>\n","protected":false},"excerpt":{"rendered":"<p>Redacci\u00f3n\/Zona Roja Oaxaca de Ju\u00e1rez, Oax., 17 de octubre de 2019.- Un presunto ladr\u00f3n fue&hellip;<\/p>\n","protected":false},"author":2,"featured_media":4905,"comment_status":"closed","ping_status":"open","sticky":false,"template":"","format":"standard","meta":{"_lmt_disableupdate":"","_lmt_disable":"","_jetpack_memberships_contains_paid_content":false,"footnotes":""},"categories":[109,51],"tags":[881],"class_list":["post-4904","post","type-post","status-publish","format-standard","has-post-thumbnail","hentry","category-minuto-a-minuto","category-zona-roja","tag-san-martin-itunyoso"],"jetpack_featured_media_url":"https:\/\/zonaroja.com.mx\/wp-content\/uploads\/2019\/10\/Homicidio-3.jpg","jetpack_sharing_enabled":true,"_links":{"self":[{"href":"https:\/\/zonaroja.com.mx\/index.php?rest_route=\/wp\/v2\/posts\/4904","targetHints":{"allow":["GET"]}}],"collection":[{"href":"https:\/\/zonaroja.com.mx\/index.php?rest_route=\/wp\/v2\/posts"}],"about":[{"href":"https:\/\/zonaroja.com.mx\/index.php?rest_route=\/wp\/v2\/types\/post"}],"author":[{"embeddable":true,"href":"https:\/\/zonaroja.com.mx\/index.php?rest_route=\/wp\/v2\/users\/2"}],"replies":[{"embeddable":true,"href":"https:\/\/zonaroja.com.mx\/index.php?rest_route=%2Fwp%2Fv2%2Fcomments&post=4904"}],"version-history":[{"count":1,"href":"https:\/\/zonaroja.com.mx\/index.php?rest_route=\/wp\/v2\/posts\/4904\/revisions"}],"predecessor-version":[{"id":4906,"href":"https:\/\/zonaroja.com.mx\/index.php?rest_route=\/wp\/v2\/posts\/4904\/revisions\/4906"}],"wp:featuredmedia":[{"embeddable":true,"href":"https:\/\/zonaroja.com.mx\/index.php?rest_route=\/wp\/v2\/media\/4905"}],"wp:attachment":[{"href":"https:\/\/zonaroja.com.mx\/index.php?rest_route=%2Fwp%2Fv2%2Fmedia&parent=4904"}],"wp:term":[{"taxonomy":"category","embeddable":true,"href":"https:\/\/zonaroja.com.mx\/index.php?rest_route=%2Fwp%2Fv2%2Fcategories&post=4904"},{"taxonomy":"post_tag","embeddable":true,"href":"https:\/\/zonaroja.com.mx\/index.php?rest_route=%2Fwp%2Fv2%2Ftags&post=4904"}],"curies":[{"name":"wp","href":"https:\/\/api.w.org\/{rel}","templated":true}]}}