{"id":49040,"date":"2022-12-09T06:53:56","date_gmt":"2022-12-09T12:53:56","guid":{"rendered":"http:\/\/www.zonaroja.com.mx\/?p=49040"},"modified":"2022-12-09T06:53:57","modified_gmt":"2022-12-09T12:53:57","slug":"cuenta-centro-de-justicia-de-tanivet-con-espacio-de-convivencia-familiar","status":"publish","type":"post","link":"https:\/\/zonaroja.com.mx\/?p=49040","title":{"rendered":"Cuenta Centro de Justicia de Tanivet con espacio de Convivencia Familiar"},"content":{"rendered":"\n<p>Redacci\u00f3n\/Zona Roja.<\/p>\n\n\n\n<p>Oaxaca de Ju\u00e1rez, Oax., a 9 de diciembre de 2022.- El&nbsp;Centro de Justicia \u00abMargarita Maza Parada\u00bb, que se encuentra en Tanivet, municipio de Tlacolula de Matamoros, cuenta con un espacio&nbsp;de Convivencia Familiar Supervisada,&nbsp;en un \u00e1rea digna&nbsp;y adecuada&nbsp;para&nbsp;los encuentros entre ni\u00f1as y ni\u00f1os con sus progenitores, en los casos de quienes se encuentran involucrados en un proceso judicial. &nbsp;<\/p>\n\n\n\n<p>Al ser una de las directrices trazadas por el titular del Poder Judicial del Estado,&nbsp;magistrado Eduardo Pinacho S\u00e1nchez, la de humanizar la justicia y generar la infraestructura necesaria para que toda persona que se acerque a realizar un tr\u00e1mite judicial&nbsp;encuentre un entorno sano y adecuado,&nbsp;se cuidaron las condiciones y requerimientos del espacio, atendiendo siempre al Inter\u00e9s Superior de la Ni\u00f1ez.&nbsp;<\/p>\n\n\n\n<p>De esta manera, madres, padres de familia, ni\u00f1as, ni\u00f1os y adolescentes tienen ahora la oportunidad de pasar un momento juntos en un entorno amigable&nbsp;y&nbsp;seguro, ya que el principal objetivo del \u00e1rea es dar la oportunidad y promover encuentros entre los progenitores que no tiene la guardia y custodia con sus hijas e hijos cuyas edades van desde los cero meses hasta los 13 a\u00f1os y que viven un proceso, en la mayor\u00eda de los casos dif\u00edcil, de separaci\u00f3n de sus padres.<\/p>\n\n\n\n<p>En el&nbsp;Centro de Justicia \u00abMargarita Maza Parada\u00bb,&nbsp;que&nbsp;inici\u00f3 funciones en noviembre del 2021 y brinda atenci\u00f3n a un aproximado de un mill\u00f3n 107 mil habitantes de los Valles Centrales, tambi\u00e9n se habilit\u00f3 una&nbsp;Sala de Audiencia de Acceso Universal, \u00fanica en su tipo a nivel nacional&nbsp;para la atenci\u00f3n de personas con discapacidad, los puntos de interconexi\u00f3n para el desahogo de audiencias virtuales y notificaciones;&nbsp;la Ludoteca,&nbsp;el Consultorio M\u00e9dico y \u00e1rea de valoraci\u00f3n Psicol\u00f3gica.&nbsp;<\/p>\n\n\n\n<p>Recientemente, el magistrado Pinacho S\u00e1nchez, realiz\u00f3 un recorrido en el lugar para constatar el funcionamiento de cada una de las \u00e1reas.<\/p>\n","protected":false},"excerpt":{"rendered":"<p>Redacci\u00f3n\/Zona Roja. Oaxaca de Ju\u00e1rez, Oax., a 9 de diciembre de 2022.- El&nbsp;Centro de Justicia&hellip;<\/p>\n","protected":false},"author":2,"featured_media":49044,"comment_status":"closed","ping_status":"open","sticky":false,"template":"","format":"standard","meta":{"_lmt_disableupdate":"","_lmt_disable":"","_jetpack_memberships_contains_paid_content":false,"footnotes":""},"categories":[109,46],"tags":[223],"class_list":["post-49040","post","type-post","status-publish","format-standard","has-post-thumbnail","hentry","category-minuto-a-minuto","category-zona-blanca","tag-poder-judicial-de-oaxaca"],"jetpack_featured_media_url":"https:\/\/zonaroja.com.mx\/wp-content\/uploads\/2022\/12\/Espacios-dignos-y-adecuados-para-la-atencion-de-la-ninez.jpg","jetpack_sharing_enabled":true,"_links":{"self":[{"href":"https:\/\/zonaroja.com.mx\/index.php?rest_route=\/wp\/v2\/posts\/49040","targetHints":{"allow":["GET"]}}],"collection":[{"href":"https:\/\/zonaroja.com.mx\/index.php?rest_route=\/wp\/v2\/posts"}],"about":[{"href":"https:\/\/zonaroja.com.mx\/index.php?rest_route=\/wp\/v2\/types\/post"}],"author":[{"embeddable":true,"href":"https:\/\/zonaroja.com.mx\/index.php?rest_route=\/wp\/v2\/users\/2"}],"replies":[{"embeddable":true,"href":"https:\/\/zonaroja.com.mx\/index.php?rest_route=%2Fwp%2Fv2%2Fcomments&post=49040"}],"version-history":[{"count":1,"href":"https:\/\/zonaroja.com.mx\/index.php?rest_route=\/wp\/v2\/posts\/49040\/revisions"}],"predecessor-version":[{"id":49045,"href":"https:\/\/zonaroja.com.mx\/index.php?rest_route=\/wp\/v2\/posts\/49040\/revisions\/49045"}],"wp:featuredmedia":[{"embeddable":true,"href":"https:\/\/zonaroja.com.mx\/index.php?rest_route=\/wp\/v2\/media\/49044"}],"wp:attachment":[{"href":"https:\/\/zonaroja.com.mx\/index.php?rest_route=%2Fwp%2Fv2%2Fmedia&parent=49040"}],"wp:term":[{"taxonomy":"category","embeddable":true,"href":"https:\/\/zonaroja.com.mx\/index.php?rest_route=%2Fwp%2Fv2%2Fcategories&post=49040"},{"taxonomy":"post_tag","embeddable":true,"href":"https:\/\/zonaroja.com.mx\/index.php?rest_route=%2Fwp%2Fv2%2Ftags&post=49040"}],"curies":[{"name":"wp","href":"https:\/\/api.w.org\/{rel}","templated":true}]}}