{"id":49054,"date":"2022-12-09T07:30:44","date_gmt":"2022-12-09T13:30:44","guid":{"rendered":"http:\/\/www.zonaroja.com.mx\/?p=49054"},"modified":"2022-12-09T07:30:46","modified_gmt":"2022-12-09T13:30:46","slug":"denuncia-seccion-22-del-snte-desaparicion-de-un-profesor-y-exige-localizarlo","status":"publish","type":"post","link":"https:\/\/zonaroja.com.mx\/?p=49054","title":{"rendered":"Denuncia Secci\u00f3n 22 del SNTE desaparici\u00f3n de un profesor y exige localizarlo"},"content":{"rendered":"\n<p>Redacci\u00f3n\/Zona Roja.<\/p>\n\n\n\n<p>Oaxaca de Ju\u00e1rez, Oax., a 9 de diciembre de 2022.- El profesor Alberto Jorge S\u00e1nchez L\u00f3pez desapareci\u00f3 desde el pasado domingo en la regi\u00f3n del Istmo de Tehuantepec y hasta el momento se desconoce su paradero, denunci\u00f3 la Secci\u00f3n 22 del Sindicato Nacional de Trabajadores de la Educaci\u00f3n (SNTE).<\/p>\n\n\n\n<p>En un comunicado, exigi\u00f3 al Gobierno del Estado de Oaxaca, a la Fiscal\u00eda General del Estado y a las autoridades municipales de la zona dar con el paradero del mentor.<\/p>\n\n\n\n<p>S\u00e1nchez L\u00f3pez sali\u00f3 de su domicilio el pasado 6 de diciembre de 2022 sin que hasta la fecha se conozca sobre su paradero.<\/p>\n\n\n\n<p>El rofesor labora en la Escuela Secundaria T\u00e9cnica n\u00famero 151, ubicada en el Barrio Tepalcate de Ciudad Ixtepec, y fue visto por \u00faltima vez en el Espinal.<\/p>\n\n\n\n<p>\u201cComo Movimiento Democr\u00e1tico de los Trabajadores de la Educaci\u00f3n de Oaxaca (MDTEO) nos mantenemos en alerta ante cualquier informaci\u00f3n que permita dar con el paradero de nuestro compa\u00f1ero por lo que exigimos a las autoridades agilizar la investigaci\u00f3n sobre el caso.<\/p>\n\n\n\n<p>\u201cHacemos el llamado a los trabajadores de la educaci\u00f3n para solidarizarse en la pronta localizaci\u00f3n de nuestro compa\u00f1ero, de tal manera que cualquier informaci\u00f3n relevante pueda ser reportada a la estructura sindical, a los familiares y a las autoridades correspondientes\u201d, difundi\u00f3 anoche en un comunicado.<\/p>\n","protected":false},"excerpt":{"rendered":"<p>Redacci\u00f3n\/Zona Roja. Oaxaca de Ju\u00e1rez, Oax., a 9 de diciembre de 2022.- El profesor Alberto&hellip;<\/p>\n","protected":false},"author":2,"featured_media":49056,"comment_status":"closed","ping_status":"open","sticky":false,"template":"","format":"standard","meta":{"_lmt_disableupdate":"","_lmt_disable":"","_jetpack_memberships_contains_paid_content":false,"footnotes":""},"categories":[109,47],"tags":[312],"class_list":["post-49054","post","type-post","status-publish","format-standard","has-post-thumbnail","hentry","category-minuto-a-minuto","category-zona-gris","tag-seccion-22-del-snte"],"jetpack_featured_media_url":"https:\/\/zonaroja.com.mx\/wp-content\/uploads\/2022\/12\/Profesor-Alberto-Jorge-Sanchez-Lopez.jpg","jetpack_sharing_enabled":true,"_links":{"self":[{"href":"https:\/\/zonaroja.com.mx\/index.php?rest_route=\/wp\/v2\/posts\/49054","targetHints":{"allow":["GET"]}}],"collection":[{"href":"https:\/\/zonaroja.com.mx\/index.php?rest_route=\/wp\/v2\/posts"}],"about":[{"href":"https:\/\/zonaroja.com.mx\/index.php?rest_route=\/wp\/v2\/types\/post"}],"author":[{"embeddable":true,"href":"https:\/\/zonaroja.com.mx\/index.php?rest_route=\/wp\/v2\/users\/2"}],"replies":[{"embeddable":true,"href":"https:\/\/zonaroja.com.mx\/index.php?rest_route=%2Fwp%2Fv2%2Fcomments&post=49054"}],"version-history":[{"count":1,"href":"https:\/\/zonaroja.com.mx\/index.php?rest_route=\/wp\/v2\/posts\/49054\/revisions"}],"predecessor-version":[{"id":49057,"href":"https:\/\/zonaroja.com.mx\/index.php?rest_route=\/wp\/v2\/posts\/49054\/revisions\/49057"}],"wp:featuredmedia":[{"embeddable":true,"href":"https:\/\/zonaroja.com.mx\/index.php?rest_route=\/wp\/v2\/media\/49056"}],"wp:attachment":[{"href":"https:\/\/zonaroja.com.mx\/index.php?rest_route=%2Fwp%2Fv2%2Fmedia&parent=49054"}],"wp:term":[{"taxonomy":"category","embeddable":true,"href":"https:\/\/zonaroja.com.mx\/index.php?rest_route=%2Fwp%2Fv2%2Fcategories&post=49054"},{"taxonomy":"post_tag","embeddable":true,"href":"https:\/\/zonaroja.com.mx\/index.php?rest_route=%2Fwp%2Fv2%2Ftags&post=49054"}],"curies":[{"name":"wp","href":"https:\/\/api.w.org\/{rel}","templated":true}]}}