{"id":49058,"date":"2022-12-09T08:05:19","date_gmt":"2022-12-09T14:05:19","guid":{"rendered":"http:\/\/www.zonaroja.com.mx\/?p=49058"},"modified":"2022-12-09T08:05:21","modified_gmt":"2022-12-09T14:05:21","slug":"justifica-jara-cruz-a-asesor-argentino-heladio-y-diodoro-tuvieron-extranjeros","status":"publish","type":"post","link":"https:\/\/zonaroja.com.mx\/?p=49058","title":{"rendered":"Justifica Jara Cruz a asesor argentino: Heladio y Diodoro tuvieron extranjeros"},"content":{"rendered":"\n<p>Ismael Garc\u00eda M.\/Zona Roja.<\/p>\n\n\n\n<p>Oaxaca de Ju\u00e1rez, Oax., a 9 de diciembre de 2022.- El gobernador Salom\u00f3n Jara Cruz defendi\u00f3 a su asesor Ren\u00e9 Palacios, originario de Argentina, y justific\u00f3 que otros ex gobernadores han tenido funcionarios extranjeros.<\/p>\n\n\n\n<p>\u201cRen\u00e9 en 2016 fue de un equipo de comunicadores que vinieron a apoyarme en la campa\u00f1a de 2016, y Ren\u00e9 recorri\u00f3 300 municipios conmigo, durante un a\u00f1o; y Ren\u00e9 sigui\u00f3 viviendo en Oaxaca, le gust\u00f3 Oaxaca; le encant\u00f3 Oaxaca.<\/p>\n\n\n\n<p>\u201cDe tal manera que Ren\u00e9 se fue a su tierra, volvi\u00f3 a regresar y as\u00ed ha estado yendo y viniendo, pero creo que es bastante conocedor de la cultura de Oaxaca; ahora que me toc\u00f3 nuevamente la campa\u00f1a, hace dos a\u00f1os volvi\u00f3 a regresar y me ha estado acompa\u00f1ando; me apoy\u00f3 mucho, no tiene ning\u00fan cargo, es asesor\u201d, dijo.<\/p>\n\n\n\n<p>\u2014Usted dijo que no vendr\u00eda nadie extranjero ni nadie de M\u00e9xico a estar en su gobierno \u2014cuestion\u00f3 previamente la periodista Paulina R\u00edos.<\/p>\n\n\n\n<p>\u2014En el periodo de Heladio (Ram\u00edrez L\u00f3pez) estuvo un chileno tuvo un cargo y fue el que llev\u00f3 a cabo el programa \u201cLluvia, tequio y alimento\u201d; me parece que se apellidaba Astorga.<\/p>\n\n\n\n<p>\u201cAh\u00ed no dijeron nada; luego en el periodo de, me parece a m\u00ed que, a tambi\u00e9n en el propio periodo de Heladio estuvo un espa\u00f1ol que vino a crear la Universidad que hoy es el SUNEO, su nombre es el doctor Modesto Seara.<\/p>\n\n\n\n<p>\u201cY tambi\u00e9n lo mismo pas\u00f3 con el propio\u2026 este\u2026 Di\u00f3doro Carrasco, invit\u00f3 a un me parece que es argentino, o uruguaruayo; o sea, tuvieron cargos, fueron de la administraci\u00f3n p\u00fablica, y Ren\u00e9 es un asesor. No tiene poco tiempo en Oaxaca, tiene por lo menos siete a\u00f1os viviendo en Oaxaca, va y viene y me acompa\u00f1a ahora en la asesor\u00eda y le agradezco mucho su apoyo\u201d, respondi\u00f3 el gobernador surgido de Morena.<\/p>\n\n\n\n<p>\u2014\u00bfY la forma de dictar la comunicaci\u00f3n?<\/p>\n\n\n\n<p>\u2014No, la comunicaci\u00f3n va a estar pues hay una responsable en Comunicaci\u00f3n Social, que nos est\u00e1 ayudando mucho ahora en el trabajo.<\/p>\n\n\n\n<p>\u201cRen\u00e9 nos ayuda en la estrategia de comunicaci\u00f3n, en asesorarnos, en apoyarnos c\u00f3mo dar a conocer lo que vamos a hacer, pero la estrategia me refiero responsable de comunicaci\u00f3n social, es otra persona\u201d, dijo.<\/p>\n\n\n\n<p>El mandatario fue entrevistado ayer tambi\u00e9n por los periodistas Rosy Ramales, Humberto Cruz Mat\u00edas y Jaime Vel\u00e1squez, durante el programa \u201cGozona\u201d, que transmiti\u00f3 ayer la Corporaci\u00f3n Oaxaque\u00f1a de Radio y Televisi\u00f3n (Cortv).<\/p>\n\n\n\n<p>La semana pasada se dio a conocer un audio en que el asesor argentino Ren\u00e9 Palacios &#8211;quien ha trabajado para el PRI&#8211;, se refer\u00eda de manera d\u00e9spota y despectiva en el trato a la prensa de Oaxaca e incluso amenazaba a funcionarios con renunciarlos en caso de no seguir su l\u00ednea de comunicaci\u00f3n.<\/p>\n","protected":false},"excerpt":{"rendered":"<p>Ismael Garc\u00eda M.\/Zona Roja. Oaxaca de Ju\u00e1rez, Oax., a 9 de diciembre de 2022.- El&hellip;<\/p>\n","protected":false},"author":2,"featured_media":49059,"comment_status":"closed","ping_status":"open","sticky":false,"template":"","format":"standard","meta":{"_lmt_disableupdate":"","_lmt_disable":"","_jetpack_memberships_contains_paid_content":false,"footnotes":""},"categories":[109,47],"tags":[939],"class_list":["post-49058","post","type-post","status-publish","format-standard","has-post-thumbnail","hentry","category-minuto-a-minuto","category-zona-gris","tag-salomon-jara-cruz"],"jetpack_featured_media_url":"https:\/\/zonaroja.com.mx\/wp-content\/uploads\/2022\/12\/Rene-Palacios-asesor-argentino.jpg","jetpack_sharing_enabled":true,"_links":{"self":[{"href":"https:\/\/zonaroja.com.mx\/index.php?rest_route=\/wp\/v2\/posts\/49058","targetHints":{"allow":["GET"]}}],"collection":[{"href":"https:\/\/zonaroja.com.mx\/index.php?rest_route=\/wp\/v2\/posts"}],"about":[{"href":"https:\/\/zonaroja.com.mx\/index.php?rest_route=\/wp\/v2\/types\/post"}],"author":[{"embeddable":true,"href":"https:\/\/zonaroja.com.mx\/index.php?rest_route=\/wp\/v2\/users\/2"}],"replies":[{"embeddable":true,"href":"https:\/\/zonaroja.com.mx\/index.php?rest_route=%2Fwp%2Fv2%2Fcomments&post=49058"}],"version-history":[{"count":1,"href":"https:\/\/zonaroja.com.mx\/index.php?rest_route=\/wp\/v2\/posts\/49058\/revisions"}],"predecessor-version":[{"id":49060,"href":"https:\/\/zonaroja.com.mx\/index.php?rest_route=\/wp\/v2\/posts\/49058\/revisions\/49060"}],"wp:featuredmedia":[{"embeddable":true,"href":"https:\/\/zonaroja.com.mx\/index.php?rest_route=\/wp\/v2\/media\/49059"}],"wp:attachment":[{"href":"https:\/\/zonaroja.com.mx\/index.php?rest_route=%2Fwp%2Fv2%2Fmedia&parent=49058"}],"wp:term":[{"taxonomy":"category","embeddable":true,"href":"https:\/\/zonaroja.com.mx\/index.php?rest_route=%2Fwp%2Fv2%2Fcategories&post=49058"},{"taxonomy":"post_tag","embeddable":true,"href":"https:\/\/zonaroja.com.mx\/index.php?rest_route=%2Fwp%2Fv2%2Ftags&post=49058"}],"curies":[{"name":"wp","href":"https:\/\/api.w.org\/{rel}","templated":true}]}}