{"id":49061,"date":"2022-12-09T11:09:00","date_gmt":"2022-12-09T17:09:00","guid":{"rendered":"http:\/\/www.zonaroja.com.mx\/?p=49061"},"modified":"2022-12-09T08:23:52","modified_gmt":"2022-12-09T14:23:52","slug":"surge-primera-organizacion-social-en-el-gobierno-de-salomon-jara","status":"publish","type":"post","link":"https:\/\/zonaroja.com.mx\/?p=49061","title":{"rendered":"Surge primera organizaci\u00f3n social en el gobierno de Salom\u00f3n Jara"},"content":{"rendered":"\n<p>Ismael Garc\u00eda M.\/Zona Roja.<\/p>\n\n\n\n<p>Oaxaca de Ju\u00e1rez, Oax., a 9 de diciembre de 2022.- A una semana del gobierno del morenista Salom\u00f3n Jara Cruz, ya surgi\u00f3 la primera organizaci\u00f3n social de su sexenio.<\/p>\n\n\n\n<p>Se trata de la Uni\u00f3n de Ejidos, Bienes Comunales, Colonias Agr\u00edcolas y Pueblos Originarios, que se conform\u00f3 ayer en la regi\u00f3n del Istmo de Tehuantepec, con m\u00e1s de 30 autoridades y localidades.<\/p>\n\n\n\n<p>Entre sus principales acciones se encuentra la defensa de su tierra y su territorio, sobre todo ante lo que consideran la imposici\u00f3n del Corredor Interoce\u00e1nico, que une a los oc\u00e9anos Pac\u00edfico y Atl\u00e1ntico, a trav\u00e9s de los puertos de Oaxaca y de Veracruz.<\/p>\n\n\n\n<p>En ese contexto, denunciaron despojo de sus tierras con la implementaci\u00f3n de dicho megaproyecto, \u201cpor encima de nuestros derechos como pueblos originarios.<\/p>\n\n\n\n<p>\u201cCon el Corredor Interoc\u00e9anico no se ha respetado, observado y dado cumplimiento a los procedimientos cuando se trata de afectaci\u00f3n a los derechos de los pueblos ind\u00edgenas, que se establece tanto en la Constituci\u00f3n Pol\u00edtica federal como en los tratados internacionales\u201d.<\/p>\n\n\n\n<p>En un comunicado conjunto que emitieron, expusieron que no quieren m\u00e1s despojos, sino obras y servicios para las comunidades, como agua, drenaje, electrificaci\u00f3n, caminos cosecheros, entre otros.<\/p>\n\n\n\n<p>Por el momento no han anunciado las acciones que emprender\u00e1n para rechazar el proyecto del Corredor Interoce\u00e1nico.<\/p>\n","protected":false},"excerpt":{"rendered":"<p>Ismael Garc\u00eda M.\/Zona Roja. Oaxaca de Ju\u00e1rez, Oax., a 9 de diciembre de 2022.- A&hellip;<\/p>\n","protected":false},"author":2,"featured_media":49055,"comment_status":"closed","ping_status":"open","sticky":false,"template":"","format":"standard","meta":{"_lmt_disableupdate":"","_lmt_disable":"","_jetpack_memberships_contains_paid_content":false,"footnotes":""},"categories":[109,47],"tags":[],"class_list":["post-49061","post","type-post","status-publish","format-standard","has-post-thumbnail","hentry","category-minuto-a-minuto","category-zona-gris"],"jetpack_featured_media_url":"https:\/\/zonaroja.com.mx\/wp-content\/uploads\/2022\/12\/Nace-Union-de-Ejidos.jpg","jetpack_sharing_enabled":true,"_links":{"self":[{"href":"https:\/\/zonaroja.com.mx\/index.php?rest_route=\/wp\/v2\/posts\/49061","targetHints":{"allow":["GET"]}}],"collection":[{"href":"https:\/\/zonaroja.com.mx\/index.php?rest_route=\/wp\/v2\/posts"}],"about":[{"href":"https:\/\/zonaroja.com.mx\/index.php?rest_route=\/wp\/v2\/types\/post"}],"author":[{"embeddable":true,"href":"https:\/\/zonaroja.com.mx\/index.php?rest_route=\/wp\/v2\/users\/2"}],"replies":[{"embeddable":true,"href":"https:\/\/zonaroja.com.mx\/index.php?rest_route=%2Fwp%2Fv2%2Fcomments&post=49061"}],"version-history":[{"count":1,"href":"https:\/\/zonaroja.com.mx\/index.php?rest_route=\/wp\/v2\/posts\/49061\/revisions"}],"predecessor-version":[{"id":49062,"href":"https:\/\/zonaroja.com.mx\/index.php?rest_route=\/wp\/v2\/posts\/49061\/revisions\/49062"}],"wp:featuredmedia":[{"embeddable":true,"href":"https:\/\/zonaroja.com.mx\/index.php?rest_route=\/wp\/v2\/media\/49055"}],"wp:attachment":[{"href":"https:\/\/zonaroja.com.mx\/index.php?rest_route=%2Fwp%2Fv2%2Fmedia&parent=49061"}],"wp:term":[{"taxonomy":"category","embeddable":true,"href":"https:\/\/zonaroja.com.mx\/index.php?rest_route=%2Fwp%2Fv2%2Fcategories&post=49061"},{"taxonomy":"post_tag","embeddable":true,"href":"https:\/\/zonaroja.com.mx\/index.php?rest_route=%2Fwp%2Fv2%2Ftags&post=49061"}],"curies":[{"name":"wp","href":"https:\/\/api.w.org\/{rel}","templated":true}]}}