{"id":49063,"date":"2022-12-09T18:24:00","date_gmt":"2022-12-10T00:24:00","guid":{"rendered":"http:\/\/www.zonaroja.com.mx\/?p=49063"},"modified":"2022-12-09T20:21:06","modified_gmt":"2022-12-10T02:21:06","slug":"pend-2","status":"publish","type":"post","link":"https:\/\/zonaroja.com.mx\/?p=49063","title":{"rendered":"Ingobernabilidad en San Mart\u00edn Peras crece con grupo armado para exigir renuncia del edil"},"content":{"rendered":"\n<p>Yuridiana Sosa\/Zona Roja.<\/p>\n\n\n\n<p>Oaxaca de Ju\u00e1rez, Oax., 9 de diciembre de 2022.- Sin autoridad estatal que ponga orden y paz en San Mart\u00edn Peras, los grupos de personas armadas se fortalecen para imponer su ley y exigir que el presidente Rom\u00e1n Ju\u00e1rez Cruz renuncie a su cargo.<\/p>\n\n\n\n<p>Hombres con armas de grueso calibre montan guardia en el palacio municipal, donde desde hace casi una semana permanece privada de su libertad la esposa y suegra del presidente municipal, como medida de presi\u00f3n para que Ju\u00e1rez Cruz deje oficialmente la presidencia.<\/p>\n\n\n\n<p>Por medio de un video, el regidor de Educaci\u00f3n, Braulio Gonz\u00e1lez, denunci\u00f3 la presencia de los ciudadanos armados, mientras que el gobierno de Salm\u00f3n Jara a trav\u00e9s de la Secretar\u00eda de Gobierno que encabeza Jes\u00fas Romero L\u00f3pez se ha limitado a indicar que las mesas de di\u00e1logo contin\u00faan.<\/p>\n\n\n\n<p>La tensi\u00f3n en la comunidad se increment\u00f3 este mi\u00e9rcoles ante la presunta retenci\u00f3n de funcionarios de la Secretar\u00eda de Bienestar del gobierno federal, que hab\u00edan llegado a repartir los programas, por parte de seguidores de Elpidio Morales, quien se autonombra como la autoridad y busca formalmente presidencia municipal de San Mart\u00edn Peras, cargo que desempe\u00f1a Ju\u00e1rez Cruz fuera de la comunidad.<\/p>\n\n\n\n<p>En im\u00e1genes difundidas sobre una violenta retenci\u00f3n se muestra la intensa participaci\u00f3n de las mujeres de la poblaci\u00f3n, unas portando armas largas de alto poder, as\u00ed como los hombres, que tambi\u00e9n retuvieron una patrulla de la Polic\u00eda Municipal.<\/p>\n\n\n\n<p>Desde la retenci\u00f3n de los familiares de Ju\u00e1rez Cruz, el pasado 3 de diciembre, la poblaci\u00f3n inconforme con el edil mantienen un campamento de guardia en el palacio municipal, donde se encuentra la c\u00e1rcel municipal.<\/p>\n\n\n\n<p>DETENCI\u00d3N<\/p>\n\n\n\n<p>Marcelina Vega Ortiz, esposa de Rom\u00e1n Ju\u00e1rez, fue detenida por portar armas y dinero del ayuntamiento, mientras que la se\u00f1ora Guadalupe Ortiz, de 78 a\u00f1os, suegra del edil, se encuentra en la c\u00e1rcel por voluntad propia, para hacer compa\u00f1\u00eda a su hija, refiere la comunidad en distintas declaraciones.<\/p>\n\n\n\n<p>La esposa del edil fue privada de su libertad tras un operativo que la misma poblaci\u00f3n realiz\u00f3 en su domicilio, donde le encontraron armas y dinero en efectivo, presuntamente del ayuntamiento.<\/p>\n\n\n\n<p>Primero, la mantuvieron en su casa junto a su madre y sus dos hijos menores y luego trasladaron a las mujeres a los separos.<\/p>\n\n\n\n<p>Durante la visita de personal de la Defensor\u00eda de los Derechos Humanos del Pueblo de Oaxaca la comunidad acord\u00f3 no liberar a Marcelina Vega hasta que Rom\u00e1n Ju\u00e1rez se presente a la comunidad a renunciar, pero ofrecieron la libertad a la se\u00f1ora de la tercera edad, quien se neg\u00f3 a salir.<\/p>\n\n\n\n<p>PUGNAS ELECTORALES<\/p>\n\n\n\n<p>La poblaci\u00f3n inconforme con Ju\u00e1rez Cruz dijo que la otra opci\u00f3n para que la esposa del edil salga de la c\u00e1rcel municipal es llevarla ante el ministerio p\u00fablico.<\/p>\n\n\n\n<p>As\u00ed como manifest\u00f3, de acuerdo al video difundido, se sienten enga\u00f1ados por Rom\u00e1n Ju\u00e1rez, quien supuestamente renunci\u00f3 en febrero de este a\u00f1o luego de permanecer retenido por 19 d\u00edas en comunidad.<\/p>\n\n\n\n<p>Pero el instituto Estatal Electoral y de Participaci\u00f3n Ciudadana de Oaxaca (IEEPCO) calific\u00f3 como jur\u00eddicamente no v\u00e1lida la Terminaci\u00f3n Anticipada del Mandato de las concejal\u00edas propietarias y suplentes del Ayuntamiento de San Mart\u00edn Peras, electas en el a\u00f1o 2019, toda vez que la Asamblea General celebrada el abril no se realiz\u00f3 bajo par\u00e1metros de certeza ni se apeg\u00f3 al Sistema Normativo Ind\u00edgena del municipio.<\/p>\n\n\n\n<p>En tanto que la elecci\u00f3n del 26 de julio, que gan\u00f3 Elpidio Ram\u00edrez Morales, tambi\u00e9n fue anulada por el IEEPCO al interponer el grupo a fin a Ju\u00e1rez Cruz una impugnaci\u00f3n por el supuesto desarrollo de la asamblea sin las condiciones para la elecci\u00f3n.&nbsp;<\/p>\n","protected":false},"excerpt":{"rendered":"<p>Yuridiana Sosa\/Zona Roja. Oaxaca de Ju\u00e1rez, Oax., 9 de diciembre de 2022.- Sin autoridad estatal&hellip;<\/p>\n","protected":false},"author":2,"featured_media":49069,"comment_status":"closed","ping_status":"open","sticky":false,"template":"","format":"standard","meta":{"_lmt_disableupdate":"","_lmt_disable":"","_jetpack_memberships_contains_paid_content":false,"footnotes":""},"categories":[109,47],"tags":[1872],"class_list":["post-49063","post","type-post","status-publish","format-standard","has-post-thumbnail","hentry","category-minuto-a-minuto","category-zona-gris","tag-san-martin-peras"],"jetpack_featured_media_url":"https:\/\/zonaroja.com.mx\/wp-content\/uploads\/2022\/12\/Armados-San-Martin-Peras.jpg","jetpack_sharing_enabled":true,"_links":{"self":[{"href":"https:\/\/zonaroja.com.mx\/index.php?rest_route=\/wp\/v2\/posts\/49063","targetHints":{"allow":["GET"]}}],"collection":[{"href":"https:\/\/zonaroja.com.mx\/index.php?rest_route=\/wp\/v2\/posts"}],"about":[{"href":"https:\/\/zonaroja.com.mx\/index.php?rest_route=\/wp\/v2\/types\/post"}],"author":[{"embeddable":true,"href":"https:\/\/zonaroja.com.mx\/index.php?rest_route=\/wp\/v2\/users\/2"}],"replies":[{"embeddable":true,"href":"https:\/\/zonaroja.com.mx\/index.php?rest_route=%2Fwp%2Fv2%2Fcomments&post=49063"}],"version-history":[{"count":2,"href":"https:\/\/zonaroja.com.mx\/index.php?rest_route=\/wp\/v2\/posts\/49063\/revisions"}],"predecessor-version":[{"id":49070,"href":"https:\/\/zonaroja.com.mx\/index.php?rest_route=\/wp\/v2\/posts\/49063\/revisions\/49070"}],"wp:featuredmedia":[{"embeddable":true,"href":"https:\/\/zonaroja.com.mx\/index.php?rest_route=\/wp\/v2\/media\/49069"}],"wp:attachment":[{"href":"https:\/\/zonaroja.com.mx\/index.php?rest_route=%2Fwp%2Fv2%2Fmedia&parent=49063"}],"wp:term":[{"taxonomy":"category","embeddable":true,"href":"https:\/\/zonaroja.com.mx\/index.php?rest_route=%2Fwp%2Fv2%2Fcategories&post=49063"},{"taxonomy":"post_tag","embeddable":true,"href":"https:\/\/zonaroja.com.mx\/index.php?rest_route=%2Fwp%2Fv2%2Ftags&post=49063"}],"curies":[{"name":"wp","href":"https:\/\/api.w.org\/{rel}","templated":true}]}}