{"id":49065,"date":"2022-12-09T15:47:05","date_gmt":"2022-12-09T21:47:05","guid":{"rendered":"http:\/\/www.zonaroja.com.mx\/?p=49065"},"modified":"2022-12-09T15:47:07","modified_gmt":"2022-12-09T21:47:07","slug":"duplico-jara-mandos-en-sector-educativo-y-titular-del-ieepo-desconoce-area","status":"publish","type":"post","link":"https:\/\/zonaroja.com.mx\/?p=49065","title":{"rendered":"Duplic\u00f3 Jara mandos en sector educativo\u2026 y titular del IEEPO desconoce \u00e1rea"},"content":{"rendered":"\n<p>Yuridiana Sosa\/Zona Roja.<\/p>\n\n\n\n<p>Oaxaca de Ju\u00e1rez, Oax., 9 de diciembre de 2022.- La nueva administraci\u00f3n estatal de Oaxaca a cargo de Salom\u00f3n Jara Cruz, duplic\u00f3 dependencias en materia educativa, sin que hasta el momento se informe a la poblaci\u00f3n las funciones precisas que tendr\u00e1n ahora el IEEPO y la Secretar\u00eda de Educaci\u00f3n en Oaxaca.<\/p>\n\n\n\n<p>Pero, pese a contar con dos \u00e1reas para atender la problem\u00e1tica educativa, en sus distintos sentidos, desde el pasado 6 de diciembre normalistas de la entidad realizan protestas en la capital sin que ninguna autoridad, de ambas dependencias, manifiesten sus acciones para atender al grupo de estudiantes.<\/p>\n\n\n\n<p>DUDOSO PERFIL<\/p>\n\n\n\n<p>El Instituto Estatal de Educaci\u00f3n P\u00fablica de Oaxaca (IEEPO), antes del 1 de diciembre \u00fanico organismo para atender las necesidades del sector educativo, qued\u00f3 a cargo del ex edil de Juchit\u00e1n de Zaragoza, Emilio Montero P\u00e9rez.<\/p>\n\n\n\n<p>La experiencia en materia educativa de Montero P\u00e9rez es raqu\u00edtica. S\u00f3lo ha fungido como catedr\u00e1tico en la facultad de Derecho de la Universidad Aut\u00f3noma Benito Ju\u00e1rez de Oaxaca (UABJO), de la cual egres\u00f3.<\/p>\n\n\n\n<p>Su participaci\u00f3n en el \u00e1mbito p\u00fablico ha sido como dirigente del Frente Unido de Comunidades Oaxaque\u00f1as (FUCO), una de las organizaciones m\u00e1s numerosas y originarias de la regi\u00f3n del Istmo.<\/p>\n\n\n\n<p>Despu\u00e9s, como presidente municipal de Juchit\u00e1n de Zaragoza, primero por el partido de Moreno en el periodo 2019-2021 y se reeligi\u00f3 por el Partido del Trabajo para el trienio 2022-2024, el cual abandon\u00f3 en noviembre.<\/p>\n\n\n\n<p>Su desempe\u00f1o en dicho municipio istme\u00f1o estuvo evaluado por consultoras nacionales como los de m\u00e1s bajo nivel en el pa\u00eds y por parte de los ediles aliados de Morena.<\/p>\n\n\n\n<p>Tambi\u00e9n estuvo marcado por la violencia, principalmente cargado de homicidios dolosos, hasta de integrantes de su administraci\u00f3n, como fue el caso del Director de enlace institucional en julio pasado.<\/p>\n\n\n\n<p>Las protestas en su contra por parte de la ciudadan\u00eda tambi\u00e9n fueron una constante, pero que adem\u00e1s tuvieron da\u00f1os colaterales por el cierre de vialidades federales en su jurisdicci\u00f3n ante la falta de atenci\u00f3n y conciliaci\u00f3n.<\/p>\n\n\n\n<p>Incluso, en una de las giras del presidente Andr\u00e9s Manuel L\u00f3pez Obrador al Istmo de Tehuantepec, inconformes realizaron la quema de un autob\u00fas propiedad de Petr\u00f3leos Mexicanos por la nula atenci\u00f3n del edil.<\/p>\n\n\n\n<p>Mientras que, en 2020 durante la crisis de la pandemia, la poblaci\u00f3n desesperada de falta de apoyos, exigi\u00f3 la renuncia del presidente municipal por \u201cdejarlos morir\u201d al no aplicar las medidas necesarias para coadyuvar con la salud de los habitantes.<\/p>\n\n\n\n<p>Su perfil y desempe\u00f1o en la administraci\u00f3n municipal ponen en duda su capacidad para estar al frente de una de las dependencias estatales de mayores exigencias, desde el magisterio, estudiantes, autoridades locales, comunidades y padres de familia.<\/p>\n\n\n\n<p>NUEVA SECRETARIA<\/p>\n\n\n\n<p>La reci\u00e9n creada Secretar\u00eda de Educaci\u00f3n de Oaxaca qued\u00f3 al mando de Delfina Elizabeth Guzm\u00e1n D\u00edaz, quien cuenta con un amplio perfil en la administraci\u00f3n p\u00fablica, es activista y profesionista en materia educativa.<\/p>\n\n\n\n<p>Sin embargo, no se han dado a conocer las funciones precisas de esta nueva dependencia y sus diferencias con relaci\u00f3n a las tareas del IEEPO.<\/p>\n\n\n\n<p>Delfina&nbsp;Elizabeth&nbsp;Guzm\u00e1n&nbsp;D\u00edaz es licenciada en Ciencias de la Educaci\u00f3n y ha sido integrante de la Secci\u00f3n 22 del Sindicato Nacional de Trabajadores de la Educaci\u00f3n (SNTE), seg\u00fan su curr\u00edculum.<\/p>\n\n\n\n<p>Fue presidenta municipal de Santiago Jamiltepec, en el periodo 2001-2004 por el Partido de la Revoluci\u00f3n Democr\u00e1tica, mismo por el cual lleg\u00f3 a la diputaci\u00f3n federal por mayor\u00eda relativa (2012-2015) por el Distrito 11 de Santiago Pinotepa Nacional.<\/p>\n\n\n\n<p>Por Morena lleg\u00f3 a la diputaci\u00f3n local de Oaxaca para la 64 Legislatura y busc\u00f3 la reelecci\u00f3n para la diputaci\u00f3n del Distrito 22 en Santiago Pinotepa Nacional.<\/p>\n\n\n\n<p>LIGERA PRESENTACI\u00d3N<\/p>\n\n\n\n<p>Ambos funcionarios, del IEEPO y la Secretar\u00eda de Educaci\u00f3n de Oaxaca, tuvieron su primer acercamiento con la Secci\u00f3n 22 del SNTE este 8 de diciembre durante la presentaci\u00f3n oficial del Comit\u00e9 Ejecutivo Seccional con el gobernador Salom\u00f3n Jara.<\/p>\n\n\n\n<p>Montero P\u00e9rez mostr\u00f3 poca iniciativa. Apenas alcanz\u00f3 a saludar de mano a la secretaria General, Yenny Aracely P\u00e9rez Mart\u00ednez y otros de los representantes sindicales, luego que otros secretarios dieron la inactiva.<\/p>\n\n\n\n<p>En tanto, Guzm\u00e1n D\u00edaz mostr\u00f3 mayor empat\u00eda; sonri\u00f3 a los docentes durante el saludo y hasta brind\u00f3 un abrazo a la primera dirigente de la Secci\u00f3n 22 de Oaxaca. Despu\u00e9s, los acompa\u00f1\u00f3 hasta la salida del Palacio de Gobierno.<\/p>\n\n\n\n<p>Pero sobre sus acercamientos con los normalistas y otras secciones del magisterio en Oaxaca a\u00fan se desconocen.<\/p>\n","protected":false},"excerpt":{"rendered":"<p>Yuridiana Sosa\/Zona Roja. Oaxaca de Ju\u00e1rez, Oax., 9 de diciembre de 2022.- La nueva administraci\u00f3n&hellip;<\/p>\n","protected":false},"author":2,"featured_media":49066,"comment_status":"closed","ping_status":"open","sticky":false,"template":"","format":"standard","meta":{"_lmt_disableupdate":"","_lmt_disable":"","_jetpack_memberships_contains_paid_content":false,"footnotes":""},"categories":[109,47],"tags":[1927,1829],"class_list":["post-49065","post","type-post","status-publish","format-standard","has-post-thumbnail","hentry","category-minuto-a-minuto","category-zona-gris","tag-delfina-guzman-diaz","tag-emilio-montero-perez"],"jetpack_featured_media_url":"https:\/\/zonaroja.com.mx\/wp-content\/uploads\/2022\/12\/Delfina-Guzman-y-Emilio-Montero.jpg","jetpack_sharing_enabled":true,"_links":{"self":[{"href":"https:\/\/zonaroja.com.mx\/index.php?rest_route=\/wp\/v2\/posts\/49065","targetHints":{"allow":["GET"]}}],"collection":[{"href":"https:\/\/zonaroja.com.mx\/index.php?rest_route=\/wp\/v2\/posts"}],"about":[{"href":"https:\/\/zonaroja.com.mx\/index.php?rest_route=\/wp\/v2\/types\/post"}],"author":[{"embeddable":true,"href":"https:\/\/zonaroja.com.mx\/index.php?rest_route=\/wp\/v2\/users\/2"}],"replies":[{"embeddable":true,"href":"https:\/\/zonaroja.com.mx\/index.php?rest_route=%2Fwp%2Fv2%2Fcomments&post=49065"}],"version-history":[{"count":1,"href":"https:\/\/zonaroja.com.mx\/index.php?rest_route=\/wp\/v2\/posts\/49065\/revisions"}],"predecessor-version":[{"id":49067,"href":"https:\/\/zonaroja.com.mx\/index.php?rest_route=\/wp\/v2\/posts\/49065\/revisions\/49067"}],"wp:featuredmedia":[{"embeddable":true,"href":"https:\/\/zonaroja.com.mx\/index.php?rest_route=\/wp\/v2\/media\/49066"}],"wp:attachment":[{"href":"https:\/\/zonaroja.com.mx\/index.php?rest_route=%2Fwp%2Fv2%2Fmedia&parent=49065"}],"wp:term":[{"taxonomy":"category","embeddable":true,"href":"https:\/\/zonaroja.com.mx\/index.php?rest_route=%2Fwp%2Fv2%2Fcategories&post=49065"},{"taxonomy":"post_tag","embeddable":true,"href":"https:\/\/zonaroja.com.mx\/index.php?rest_route=%2Fwp%2Fv2%2Ftags&post=49065"}],"curies":[{"name":"wp","href":"https:\/\/api.w.org\/{rel}","templated":true}]}}