{"id":49071,"date":"2022-12-09T19:23:56","date_gmt":"2022-12-10T01:23:56","guid":{"rendered":"http:\/\/www.zonaroja.com.mx\/?p=49071"},"modified":"2022-12-09T19:58:25","modified_gmt":"2022-12-10T01:58:25","slug":"tras-crisis-de-meningitis-en-durango-ahora-en-guanajuato-mueren-10-pacientes","status":"publish","type":"post","link":"https:\/\/zonaroja.com.mx\/?p=49071","title":{"rendered":"Tras crisis de meningitis en Durango, ahora en Guanajuato mueren 10 pacientes"},"content":{"rendered":"\n<p>Redacci\u00f3n\/Zona Roja Cdmx.<\/p>\n\n\n\n<p>Ciudad de M\u00e9xico, a 9 de diciembre de 2022.- En el estado de Guanajuato han muerto 10 de 15 pacientes renales que presentaron par\u00e1lisis facial, inform\u00f3 el delegado estatal del Instituto Mexicano del Seguro Social (IMSS), Marco Antonio Hern\u00e1ndez Carrillo.<\/p>\n\n\n\n<p>El funcionario detall\u00f3 que el 10 de octubre pasado se present\u00f3 el primer caso de este tipo y el 23 de noviembre, el \u00faltimo; \u201cno es contagioso, no debe generarse p\u00e1nico, no es una situaci\u00f3n que est\u00e9 en el ambiente\u201d, a\u00f1adi\u00f3.<\/p>\n\n\n\n<p>Hern\u00e1ndez Carrillo puntualiz\u00f3 que las investigaciones sobre el tema est\u00e1n a cargo de la Direcci\u00f3n General de Epidemiolog\u00eda de la Secretar\u00eda de Salud federal y de la dependencia sanitaria estatal, con apoyo del IMSS.<\/p>\n\n\n\n<p>Asimismo, la delegaci\u00f3n estatal del instituto inform\u00f3 que los servicios en sus cl\u00ednicas no est\u00e1n en riesgo por los casos de par\u00e1lisis facial que se suscitaron en pacientes renales; adem\u00e1s se trabaja con \u201cestrictos protocolos de bioseguridad\u201d, precis\u00f3.<\/p>\n\n\n\n<p>\u201cHasta el momento no se tiene evidencia epidemiol\u00f3gica para determinar que los casos de par\u00e1lisis facial atendidos en las unidades m\u00e9dicas del IMSS en Guanajuato se relacionen con otros padecimientos (en referencia a la meningitis)\u201d, refiri\u00f3.<\/p>\n\n\n\n<p>Recalc\u00f3 que \u201ces recomendable no especular, ya que es una condici\u00f3n delicada que se atiende de forma eficiente y profesional\u201d.<\/p>\n\n\n\n<p>Marco Antonio Hern\u00e1ndez coincidi\u00f3 con el secretario de Salud estatal, Daniel D\u00edaz Mart\u00ednez, en cuanto a que hasta el momento no se han detectado casos de meningitis de origen mic\u00f3tico en Guanajuato.<\/p>\n\n\n\n<p>(Informaci\u00f3n de \u201cLa Jornada\u201d)<\/p>\n","protected":false},"excerpt":{"rendered":"<p>Redacci\u00f3n\/Zona Roja Cdmx. Ciudad de M\u00e9xico, a 9 de diciembre de 2022.- En el estado&hellip;<\/p>\n","protected":false},"author":2,"featured_media":49072,"comment_status":"closed","ping_status":"open","sticky":false,"template":"","format":"standard","meta":{"_lmt_disableupdate":"","_lmt_disable":"","_jetpack_memberships_contains_paid_content":false,"footnotes":""},"categories":[109,47],"tags":[735],"class_list":["post-49071","post","type-post","status-publish","format-standard","has-post-thumbnail","hentry","category-minuto-a-minuto","category-zona-gris","tag-guanajuato"],"jetpack_featured_media_url":"https:\/\/zonaroja.com.mx\/wp-content\/uploads\/2022\/12\/IMSS-Guanajuato.jpeg","jetpack_sharing_enabled":true,"_links":{"self":[{"href":"https:\/\/zonaroja.com.mx\/index.php?rest_route=\/wp\/v2\/posts\/49071","targetHints":{"allow":["GET"]}}],"collection":[{"href":"https:\/\/zonaroja.com.mx\/index.php?rest_route=\/wp\/v2\/posts"}],"about":[{"href":"https:\/\/zonaroja.com.mx\/index.php?rest_route=\/wp\/v2\/types\/post"}],"author":[{"embeddable":true,"href":"https:\/\/zonaroja.com.mx\/index.php?rest_route=\/wp\/v2\/users\/2"}],"replies":[{"embeddable":true,"href":"https:\/\/zonaroja.com.mx\/index.php?rest_route=%2Fwp%2Fv2%2Fcomments&post=49071"}],"version-history":[{"count":2,"href":"https:\/\/zonaroja.com.mx\/index.php?rest_route=\/wp\/v2\/posts\/49071\/revisions"}],"predecessor-version":[{"id":49074,"href":"https:\/\/zonaroja.com.mx\/index.php?rest_route=\/wp\/v2\/posts\/49071\/revisions\/49074"}],"wp:featuredmedia":[{"embeddable":true,"href":"https:\/\/zonaroja.com.mx\/index.php?rest_route=\/wp\/v2\/media\/49072"}],"wp:attachment":[{"href":"https:\/\/zonaroja.com.mx\/index.php?rest_route=%2Fwp%2Fv2%2Fmedia&parent=49071"}],"wp:term":[{"taxonomy":"category","embeddable":true,"href":"https:\/\/zonaroja.com.mx\/index.php?rest_route=%2Fwp%2Fv2%2Fcategories&post=49071"},{"taxonomy":"post_tag","embeddable":true,"href":"https:\/\/zonaroja.com.mx\/index.php?rest_route=%2Fwp%2Fv2%2Ftags&post=49071"}],"curies":[{"name":"wp","href":"https:\/\/api.w.org\/{rel}","templated":true}]}}